{"id":901,"date":"2019-09-14T23:24:00","date_gmt":"2019-09-14T21:24:00","guid":{"rendered":"http:\/\/akademia-przedszkolaka.net.pl\/nowy-sacz\/?p=901"},"modified":"2019-09-14T23:24:00","modified_gmt":"2019-09-14T21:24:00","slug":"pszczolki-2","status":"publish","type":"post","link":"http:\/\/akademia-przedszkolaka.net.pl\/nowy-sacz\/2019\/09\/14\/pszczolki-2\/","title":{"rendered":"Pszcz\u00f3\u0142ki"},"content":{"rendered":"<div class=\"\" data-block=\"true\" data-editor=\"2c9n2\" data-offset-key=\"1d2nc-0-0\">\n<div class=\"_1mf _1mj\" data-offset-key=\"1d2nc-0-0\"><span data-offset-key=\"1d2nc-0-0\">Szczypta wspomnie\u0144 z grupy <\/span><span class=\"_3gl1 _5zz4\" data-offset-key=\"1d2nc-1-0\"><span class=\"_ncl\"><span data-offset-key=\"1d2nc-1-0\">\ud83d\udc1d<\/span><\/span><\/span><span data-offset-key=\"1d2nc-2-0\"> Pszcz\u00f3\u0142ek <\/span><span class=\"_3gl1 _5zz4\" data-offset-key=\"1d2nc-3-0\"><span class=\"_ncl\"><span data-offset-key=\"1d2nc-3-0\">\ud83d\udc1d<\/span><\/span><\/span><\/div>\n<\/div>\n<div class=\"\" data-block=\"true\" data-editor=\"2c9n2\" data-offset-key=\"me9p-0-0\">\n<div class=\"_1mf _1mj\" data-offset-key=\"me9p-0-0\"><span data-offset-key=\"me9p-0-0\">Nasze pracowite Pszcz\u00f3\u0142ki ca\u0142y miniony tydzie\u0144 sp\u0119dzi\u0142y niesamowicie aktywnie. Poznawali bli\u017csz\u0105 i dalsz\u0105 okolic\u0119 w trakcie spacer\u00f3w, grali w r\u00f3\u017cne gry logiczne i konstrukcyjne, s\u0142uchali wspania\u0142ych bajek, kre\u015blili starannie szlaczki, a tak\u017ce wykonali r\u00f3\u017cne, pi\u0119kne prace plastyczne!<\/span><\/div>\n<\/div>\n<div data-offset-key=\"me9p-0-0\">\n<div id='gallery-1' class='gallery galleryid-901 gallery-columns-1 gallery-size-thumbnail'><figure class='gallery-item'>\n\t\t\t<div class='gallery-icon landscape'>\n\t\t\t\t<a href='http:\/\/akademia-przedszkolaka.net.pl\/nowy-sacz\/wp-content\/uploads\/sites\/3\/2019\/09\/Pszcz\u00f3\u0142ki-1.jpg'><img width=\"150\" height=\"150\" src=\"http:\/\/akademia-przedszkolaka.net.pl\/nowy-sacz\/wp-content\/uploads\/sites\/3\/2019\/09\/Pszcz\u00f3\u0142ki-1-150x150.jpg\" class=\"attachment-thumbnail size-thumbnail\" alt=\"\" decoding=\"async\" loading=\"lazy\" srcset=\"http:\/\/akademia-przedszkolaka.net.pl\/nowy-sacz\/wp-content\/uploads\/sites\/3\/2019\/09\/Pszcz\u00f3\u0142ki-1-150x150.jpg 150w, http:\/\/akademia-przedszkolaka.net.pl\/nowy-sacz\/wp-content\/uploads\/sites\/3\/2019\/09\/Pszcz\u00f3\u0142ki-1-300x300.jpg 300w\" sizes=\"(max-width: 150px) 100vw, 150px\" \/><\/a>\n\t\t\t<\/div><\/figure>\n\t\t<\/div>\n\n<\/div>\n","protected":false},"excerpt":{"rendered":"<p>Szczypta wspomnie\u0144 z grupy \ud83d\udc1d Pszcz\u00f3\u0142ek \ud83d\udc1d Nasze pracowite Pszcz\u00f3\u0142ki ca\u0142y miniony tydzie\u0144 sp\u0119dzi\u0142y niesamowicie aktywnie. Poznawali bli\u017csz\u0105 i dalsz\u0105 okolic\u0119 w trakcie spacer\u00f3w, grali w r\u00f3\u017cne gry logiczne i konstrukcyjne, s\u0142uchali wspania\u0142ych bajek, kre\u015blili starannie szlaczki, a tak\u017ce wykonali r\u00f3\u017cne, pi\u0119kne prace plastyczne!<\/p>\n","protected":false},"author":2,"featured_media":903,"comment_status":"closed","ping_status":"closed","sticky":false,"template":"","format":"standard","meta":[],"categories":[1],"tags":[],"_links":{"self":[{"href":"http:\/\/akademia-przedszkolaka.net.pl\/nowy-sacz\/wp-json\/wp\/v2\/posts\/901"}],"collection":[{"href":"http:\/\/akademia-przedszkolaka.net.pl\/nowy-sacz\/wp-json\/wp\/v2\/posts"}],"about":[{"href":"http:\/\/akademia-przedszkolaka.net.pl\/nowy-sacz\/wp-json\/wp\/v2\/types\/post"}],"author":[{"embeddable":true,"href":"http:\/\/akademia-przedszkolaka.net.pl\/nowy-sacz\/wp-json\/wp\/v2\/users\/2"}],"replies":[{"embeddable":true,"href":"http:\/\/akademia-przedszkolaka.net.pl\/nowy-sacz\/wp-json\/wp\/v2\/comments?post=901"}],"version-history":[{"count":1,"href":"http:\/\/akademia-przedszkolaka.net.pl\/nowy-sacz\/wp-json\/wp\/v2\/posts\/901\/revisions"}],"predecessor-version":[{"id":904,"href":"http:\/\/akademia-przedszkolaka.net.pl\/nowy-sacz\/wp-json\/wp\/v2\/posts\/901\/revisions\/904"}],"wp:featuredmedia":[{"embeddable":true,"href":"http:\/\/akademia-przedszkolaka.net.pl\/nowy-sacz\/wp-json\/wp\/v2\/media\/903"}],"wp:attachment":[{"href":"http:\/\/akademia-przedszkolaka.net.pl\/nowy-sacz\/wp-json\/wp\/v2\/media?parent=901"}],"wp:term":[{"taxonomy":"category","embeddable":true,"href":"http:\/\/akademia-przedszkolaka.net.pl\/nowy-sacz\/wp-json\/wp\/v2\/categories?post=901"},{"taxonomy":"post_tag","embeddable":true,"href":"http:\/\/akademia-przedszkolaka.net.pl\/nowy-sacz\/wp-json\/wp\/v2\/tags?post=901"}],"curies":[{"name":"wp","href":"https:\/\/api.w.org\/{rel}","templated":true}]}}