{"id":841,"date":"2019-08-30T15:23:40","date_gmt":"2019-08-30T13:23:40","guid":{"rendered":"http:\/\/akademia-przedszkolaka.net.pl\/nowy-sacz\/?p=841"},"modified":"2019-08-30T15:23:40","modified_gmt":"2019-08-30T13:23:40","slug":"witamy-w-przedszkolu","status":"publish","type":"post","link":"http:\/\/akademia-przedszkolaka.net.pl\/nowy-sacz\/2019\/08\/30\/witamy-w-przedszkolu\/","title":{"rendered":"Witamy w przedszkolu!"},"content":{"rendered":"<div class=\"\" data-block=\"true\" data-editor=\"46fsq\" data-offset-key=\"c8uui-0-0\">\n<div class=\"_1mf _1mj\" data-offset-key=\"c8uui-0-0\"><span data-offset-key=\"c8uui-0-0\">Drodzy Rodzice!<\/span><\/div>\n<\/div>\n<div class=\"\" data-block=\"true\" data-editor=\"46fsq\" data-offset-key=\"4enp-0-0\">\n<div class=\"_1mf _1mj\" data-offset-key=\"4enp-0-0\"><span data-offset-key=\"4enp-0-0\">2 wrze\u015bnia to pierwszy dzie\u0144 zaj\u0119\u0107 w nowym roku szkolnym w naszym przedszkolu. Przypominamy, \u017ce przychodzimy do godziny 8:00. Prosimy o przyniesienie ze sob\u0105 podpisanych rzeczy:<\/span><\/div>\n<\/div>\n<div class=\"\" data-block=\"true\" data-editor=\"46fsq\" data-offset-key=\"7hanj-0-0\">\n<div class=\"_1mf _1mj\" data-offset-key=\"7hanj-0-0\"><span data-offset-key=\"7hanj-0-0\">&#8211; r\u0119czniczek z wieszaczkiem (wszystkie grupy)<\/span><\/div>\n<\/div>\n<div class=\"\" data-block=\"true\" data-editor=\"46fsq\" data-offset-key=\"f08gj-0-0\">\n<div class=\"_1mf _1mj\" data-offset-key=\"f08gj-0-0\"><span data-offset-key=\"f08gj-0-0\">&#8211; szczoteczka, kubeczek, pasta do z\u0119b\u00f3w (wszystkie grupy)<\/span><\/div>\n<\/div>\n<div class=\"\" data-block=\"true\" data-editor=\"46fsq\" data-offset-key=\"3k0c7-0-0\">\n<div class=\"_1mf _1mj\" data-offset-key=\"3k0c7-0-0\"><span data-offset-key=\"3k0c7-0-0\">&#8211; pantofle na zmian\u0119 zak\u0142adane na pi\u0119t\u0119 (wszystkie grupy)<\/span><\/div>\n<\/div>\n<div class=\"\" data-block=\"true\" data-editor=\"46fsq\" data-offset-key=\"bsj1a-0-0\">\n<div class=\"_1mf _1mj\" data-offset-key=\"bsj1a-0-0\"><span data-offset-key=\"bsj1a-0-0\">&#8211; czapka z daszkiem lub chusteczka na g\u0142ow\u0119 (wszystkie grupy)<\/span><\/div>\n<\/div>\n<div class=\"\" data-block=\"true\" data-editor=\"46fsq\" data-offset-key=\"8rt02-0-0\">\n<div class=\"_1mf _1mj\" data-offset-key=\"8rt02-0-0\"><span data-offset-key=\"8rt02-0-0\">&#8211; odzie\u017c na zmian\u0119: spodnie, skarpetki, majtusie, koszulki (conajmniej jeden komplet)<\/span><\/div>\n<\/div>\n<div class=\"\" data-block=\"true\" data-editor=\"46fsq\" data-offset-key=\"2ji2m-0-0\">\n<div class=\"_1mf _1mj\" data-offset-key=\"2ji2m-0-0\"><span data-offset-key=\"2ji2m-0-0\">&#8211; ma\u0142a podusia (\u017buczki, Ma\u0142e Motylki, Motylki i Biedronki)<\/span><\/div>\n<\/div>\n<div class=\"\" data-block=\"true\" data-editor=\"46fsq\" data-offset-key=\"1fpa0-0-0\">\n<div class=\"_1mf _1mj\" data-offset-key=\"1fpa0-0-0\"><span data-offset-key=\"1fpa0-0-0\">&#8211; kocyk (\u017buczki, Ma\u0142e Motylki i Motylki)<\/span><\/div>\n<\/div>\n<div class=\"\" data-block=\"true\" data-editor=\"46fsq\" data-offset-key=\"apo8k-0-0\">\n<div class=\"_1mf _1mj\" data-offset-key=\"apo8k-0-0\"><span data-offset-key=\"apo8k-0-0\">&#8211; pampersy (dzieci korzystaj\u0105ce z pieluszek).<\/span><\/div>\n<\/div>\n<div class=\"\" data-block=\"true\" data-editor=\"46fsq\" data-offset-key=\"4t2io-0-0\">\n<div class=\"_1mf _1mj\" data-offset-key=\"4t2io-0-0\"><span data-offset-key=\"4t2io-0-0\">Nie przynosimy napoj\u00f3w, jedzenia, s\u0142odyczy do przedszkola, a tak\u017ce nie zostawiamy tego w szatni lub w kieszeni spodni. <\/span><\/div>\n<\/div>\n<div class=\"\" data-block=\"true\" data-editor=\"46fsq\" data-offset-key=\"6e5gb-0-0\">\n<div class=\"_1mf _1mj\" data-offset-key=\"6e5gb-0-0\"><span data-offset-key=\"6e5gb-0-0\">Spotkanie organizacyjne odb\u0119dzie si\u0119 5go wrze\u015bnia.<\/span><\/div>\n<\/div>\n<div class=\"\" data-block=\"true\" data-editor=\"46fsq\" data-offset-key=\"cf293-0-0\">\n<div class=\"_1mf _1mj\" data-offset-key=\"cf293-0-0\"><span data-offset-key=\"cf293-0-0\">Do zobaczenia!<\/span><\/div>\n<\/div>\n","protected":false},"excerpt":{"rendered":"<p>Drodzy Rodzice! 2 wrze\u015bnia to pierwszy dzie\u0144 zaj\u0119\u0107 w nowym roku szkolnym w naszym przedszkolu. Przypominamy, \u017ce przychodzimy do godziny 8:00. Prosimy o przyniesienie ze sob\u0105 podpisanych rzeczy: &#8211; r\u0119czniczek z wieszaczkiem (wszystkie grupy) &#8211; szczoteczka, kubeczek, pasta do z\u0119b\u00f3w (wszystkie grupy) &#8211; pantofle na zmian\u0119 zak\u0142adane na pi\u0119t\u0119 (wszystkie grupy) &#8211; czapka z daszkiem&#8230;<\/p>\n","protected":false},"author":2,"featured_media":842,"comment_status":"closed","ping_status":"closed","sticky":false,"template":"","format":"standard","meta":[],"categories":[1],"tags":[],"_links":{"self":[{"href":"http:\/\/akademia-przedszkolaka.net.pl\/nowy-sacz\/wp-json\/wp\/v2\/posts\/841"}],"collection":[{"href":"http:\/\/akademia-przedszkolaka.net.pl\/nowy-sacz\/wp-json\/wp\/v2\/posts"}],"about":[{"href":"http:\/\/akademia-przedszkolaka.net.pl\/nowy-sacz\/wp-json\/wp\/v2\/types\/post"}],"author":[{"embeddable":true,"href":"http:\/\/akademia-przedszkolaka.net.pl\/nowy-sacz\/wp-json\/wp\/v2\/users\/2"}],"replies":[{"embeddable":true,"href":"http:\/\/akademia-przedszkolaka.net.pl\/nowy-sacz\/wp-json\/wp\/v2\/comments?post=841"}],"version-history":[{"count":1,"href":"http:\/\/akademia-przedszkolaka.net.pl\/nowy-sacz\/wp-json\/wp\/v2\/posts\/841\/revisions"}],"predecessor-version":[{"id":843,"href":"http:\/\/akademia-przedszkolaka.net.pl\/nowy-sacz\/wp-json\/wp\/v2\/posts\/841\/revisions\/843"}],"wp:featuredmedia":[{"embeddable":true,"href":"http:\/\/akademia-przedszkolaka.net.pl\/nowy-sacz\/wp-json\/wp\/v2\/media\/842"}],"wp:attachment":[{"href":"http:\/\/akademia-przedszkolaka.net.pl\/nowy-sacz\/wp-json\/wp\/v2\/media?parent=841"}],"wp:term":[{"taxonomy":"category","embeddable":true,"href":"http:\/\/akademia-przedszkolaka.net.pl\/nowy-sacz\/wp-json\/wp\/v2\/categories?post=841"},{"taxonomy":"post_tag","embeddable":true,"href":"http:\/\/akademia-przedszkolaka.net.pl\/nowy-sacz\/wp-json\/wp\/v2\/tags?post=841"}],"curies":[{"name":"wp","href":"https:\/\/api.w.org\/{rel}","templated":true}]}}