{"id":810,"date":"2019-05-23T08:19:18","date_gmt":"2019-05-23T06:19:18","guid":{"rendered":"http:\/\/akademia-przedszkolaka.net.pl\/nowy-sacz\/?p=810"},"modified":"2019-05-23T08:19:18","modified_gmt":"2019-05-23T06:19:18","slug":"%f0%9f%8f%85iv-miejsce-w-konkursie-piekna-jest-sadecka-ziemia%f0%9f%8f%85","status":"publish","type":"post","link":"http:\/\/akademia-przedszkolaka.net.pl\/nowy-sacz\/2019\/05\/23\/%f0%9f%8f%85iv-miejsce-w-konkursie-piekna-jest-sadecka-ziemia%f0%9f%8f%85\/","title":{"rendered":"\ud83c\udfc5IV miejsce w konkursie &#8222;Pi\u0119kna jest s\u0105decka ziemia&#8221;!\ud83c\udfc5"},"content":{"rendered":"<p style=\"text-align: center\">W ubieg\u0142ym tygodniu troje reprezentant\u00f3w naszego przedszkola wzi\u0119\u0142o udzia\u0142<br \/>\nw III Konkursie &#8222;Pi\u0119kna jest s\u0105decka ziemia&#8221;. Dzieci przygotowywa\u0142y si\u0119 przez wiele tygodni,<br \/>\npoznawa\u0142y tradycje s\u0105deckie, stroje Lach\u00f3w S\u0105deckich, ogl\u0105da\u0142y najwa\u017cniejsze budynki s\u0105deckie,<br \/>\na tak\u017ce uczy\u0142y si\u0119 specjalnej piosenki oraz wiersza.<br \/>\nW trakcie zmaga\u0144 konkursowych dzieci mia\u0142y za zadanie recytowa\u0107 wiersz,<br \/>\nuzupe\u0142ni\u0107 karty z zadaniami na temat Nowego S\u0105cza, jego historii i tradycji,<br \/>\na tak\u017ce wykona\u0107 prac\u0119 plastyczn\u0105.<br \/>\nKomisja konkursu uwa\u017cnie obserwowa\u0142a dokonania wszystkich uczestnik\u00f3w konkursu,<br \/>\na nast\u0119pnie sprawiedliwie ocenia\u0142a.<\/p>\n<p>Reprezentacja Akademii Przedszkolaka uzyska\u0142a czwarte miejsce! Gratulujemy!!!<\/p>\n<div id='gallery-1' class='gallery galleryid-810 gallery-columns-2 gallery-size-thumbnail'><figure class='gallery-item'>\n\t\t\t<div class='gallery-icon landscape'>\n\t\t\t\t<a href='http:\/\/akademia-przedszkolaka.net.pl\/nowy-sacz\/wp-content\/uploads\/sites\/3\/2019\/05\/konkurs.jpg'><img width=\"150\" height=\"150\" src=\"http:\/\/akademia-przedszkolaka.net.pl\/nowy-sacz\/wp-content\/uploads\/sites\/3\/2019\/05\/konkurs-150x150.jpg\" class=\"attachment-thumbnail size-thumbnail\" alt=\"\" decoding=\"async\" loading=\"lazy\" srcset=\"http:\/\/akademia-przedszkolaka.net.pl\/nowy-sacz\/wp-content\/uploads\/sites\/3\/2019\/05\/konkurs-150x150.jpg 150w, http:\/\/akademia-przedszkolaka.net.pl\/nowy-sacz\/wp-content\/uploads\/sites\/3\/2019\/05\/konkurs-300x300.jpg 300w\" sizes=\"(max-width: 150px) 100vw, 150px\" \/><\/a>\n\t\t\t<\/div><\/figure><figure class='gallery-item'>\n\t\t\t<div class='gallery-icon landscape'>\n\t\t\t\t<a href='http:\/\/akademia-przedszkolaka.net.pl\/nowy-sacz\/wp-content\/uploads\/sites\/3\/2019\/05\/konkurs1.jpg'><img width=\"150\" height=\"150\" src=\"http:\/\/akademia-przedszkolaka.net.pl\/nowy-sacz\/wp-content\/uploads\/sites\/3\/2019\/05\/konkurs1-150x150.jpg\" class=\"attachment-thumbnail size-thumbnail\" alt=\"\" decoding=\"async\" loading=\"lazy\" srcset=\"http:\/\/akademia-przedszkolaka.net.pl\/nowy-sacz\/wp-content\/uploads\/sites\/3\/2019\/05\/konkurs1-150x150.jpg 150w, http:\/\/akademia-przedszkolaka.net.pl\/nowy-sacz\/wp-content\/uploads\/sites\/3\/2019\/05\/konkurs1-300x300.jpg 300w\" sizes=\"(max-width: 150px) 100vw, 150px\" \/><\/a>\n\t\t\t<\/div><\/figure>\n\t\t<\/div>\n\n<!--[if lt IE 9]><script>document.createElement('video');<\/script><![endif]-->\n\t<div class=\"wp-playlist wp-video-playlist wp-playlist-light\">\n\t\t<video controls=\"controls\" preload=\"none\" width=\"618\"\n\t\t height=\"1099\"\t><\/video>\n\t<div class=\"wp-playlist-next\"><\/div>\n\t<div class=\"wp-playlist-prev\"><\/div>\n\t<noscript>\n\t<ol>\n\t\t<li><a href='http:\/\/akademia-przedszkolaka.net.pl\/nowy-sacz\/wp-content\/uploads\/sites\/3\/2019\/05\/VID_20190515_104318-online-video-cutter.com-1.mp4'>VID_20190515_104318 (online-video-cutter.com) (1)<\/a><\/li>\t<\/ol>\n\t<\/noscript>\n\t<script type=\"application\/json\" class=\"wp-playlist-script\">{\"type\":\"video\",\"tracklist\":true,\"tracknumbers\":true,\"images\":true,\"artists\":true,\"tracks\":[{\"src\":\"http:\\\/\\\/akademia-przedszkolaka.net.pl\\\/nowy-sacz\\\/wp-content\\\/uploads\\\/sites\\\/3\\\/2019\\\/05\\\/VID_20190515_104318-online-video-cutter.com-1.mp4\",\"type\":\"video\\\/mp4\",\"title\":\"VID_20190515_104318 (online-video-cutter.com) (1)\",\"caption\":\"\",\"description\":\"\",\"meta\":{\"length_formatted\":\"0:27\"},\"dimensions\":{\"original\":{\"width\":270,\"height\":480},\"resized\":{\"width\":618,\"height\":1099}},\"image\":{\"src\":\"http:\\\/\\\/akademia-przedszkolaka.net.pl\\\/nowy-sacz\\\/wp-includes\\\/images\\\/media\\\/video.png\",\"width\":48,\"height\":64},\"thumb\":{\"src\":\"http:\\\/\\\/akademia-przedszkolaka.net.pl\\\/nowy-sacz\\\/wp-includes\\\/images\\\/media\\\/video.png\",\"width\":48,\"height\":64}}]}<\/script>\n<\/div>\n\t\n","protected":false},"excerpt":{"rendered":"<p>W ubieg\u0142ym tygodniu troje reprezentant\u00f3w naszego przedszkola wzi\u0119\u0142o udzia\u0142 w III Konkursie &#8222;Pi\u0119kna jest s\u0105decka ziemia&#8221;. Dzieci przygotowywa\u0142y si\u0119 przez wiele tygodni, poznawa\u0142y tradycje s\u0105deckie, stroje Lach\u00f3w S\u0105deckich, ogl\u0105da\u0142y najwa\u017cniejsze budynki s\u0105deckie, a tak\u017ce uczy\u0142y si\u0119 specjalnej piosenki oraz wiersza. W trakcie zmaga\u0144 konkursowych dzieci mia\u0142y za zadanie recytowa\u0107 wiersz, uzupe\u0142ni\u0107 karty z zadaniami na&#8230;<\/p>\n","protected":false},"author":2,"featured_media":814,"comment_status":"closed","ping_status":"closed","sticky":false,"template":"","format":"standard","meta":[],"categories":[1],"tags":[],"_links":{"self":[{"href":"http:\/\/akademia-przedszkolaka.net.pl\/nowy-sacz\/wp-json\/wp\/v2\/posts\/810"}],"collection":[{"href":"http:\/\/akademia-przedszkolaka.net.pl\/nowy-sacz\/wp-json\/wp\/v2\/posts"}],"about":[{"href":"http:\/\/akademia-przedszkolaka.net.pl\/nowy-sacz\/wp-json\/wp\/v2\/types\/post"}],"author":[{"embeddable":true,"href":"http:\/\/akademia-przedszkolaka.net.pl\/nowy-sacz\/wp-json\/wp\/v2\/users\/2"}],"replies":[{"embeddable":true,"href":"http:\/\/akademia-przedszkolaka.net.pl\/nowy-sacz\/wp-json\/wp\/v2\/comments?post=810"}],"version-history":[{"count":1,"href":"http:\/\/akademia-przedszkolaka.net.pl\/nowy-sacz\/wp-json\/wp\/v2\/posts\/810\/revisions"}],"predecessor-version":[{"id":815,"href":"http:\/\/akademia-przedszkolaka.net.pl\/nowy-sacz\/wp-json\/wp\/v2\/posts\/810\/revisions\/815"}],"wp:featuredmedia":[{"embeddable":true,"href":"http:\/\/akademia-przedszkolaka.net.pl\/nowy-sacz\/wp-json\/wp\/v2\/media\/814"}],"wp:attachment":[{"href":"http:\/\/akademia-przedszkolaka.net.pl\/nowy-sacz\/wp-json\/wp\/v2\/media?parent=810"}],"wp:term":[{"taxonomy":"category","embeddable":true,"href":"http:\/\/akademia-przedszkolaka.net.pl\/nowy-sacz\/wp-json\/wp\/v2\/categories?post=810"},{"taxonomy":"post_tag","embeddable":true,"href":"http:\/\/akademia-przedszkolaka.net.pl\/nowy-sacz\/wp-json\/wp\/v2\/tags?post=810"}],"curies":[{"name":"wp","href":"https:\/\/api.w.org\/{rel}","templated":true}]}}