{"id":790,"date":"2019-05-20T14:05:24","date_gmt":"2019-05-20T12:05:24","guid":{"rendered":"http:\/\/akademia-przedszkolaka.net.pl\/nowy-sacz\/?p=790"},"modified":"2019-05-20T14:05:24","modified_gmt":"2019-05-20T12:05:24","slug":"i-festyn-rodzinny-2","status":"publish","type":"post","link":"http:\/\/akademia-przedszkolaka.net.pl\/nowy-sacz\/2019\/05\/20\/i-festyn-rodzinny-2\/","title":{"rendered":"I Festyn Rodzinny"},"content":{"rendered":"<p style=\"text-align: center\">W minionym tygodniu w naszej Akademii odby\u0142 si\u0119 Pierwszy Festyn Rodzinny!<\/p>\n<p style=\"text-align: center\">\nPrzedszkolaki zaprosi\u0142y swoich rodzic\u00f3w i rodze\u0144stwo i specjalnie dla nich przygotowa\u0142y kolorowy wyst\u0119p artystyczny. By\u0142o du\u017co \u015bpiewu, ta\u0144ca, sporo \u017cycze\u0144 &#8211; wszystko dla Rodzic\u00f3w! Dzieci wr\u0119czy\u0142y tak\u017ce samodzielnie wykonane prezenty oraz zaprosi\u0142y Rodzic\u00f3w do dalszej, wsp\u00f3lnej zabawy: konkurs\u00f3w i zawod\u00f3w, loterii fantowej i malowania twarzy. Nie brak\u0142o tak\u017ce pysznego, s\u0142odkiego pocz\u0119stunku!<\/p>\n<p style=\"text-align: center\">\nDzi\u0119kujemy wszystkim za przybycie i wspania\u0142\u0105, niezapomnian\u0105 zabaw\u0119!<\/p>\n<div id='gallery-1' class='gallery galleryid-790 gallery-columns-3 gallery-size-thumbnail'><figure class='gallery-item'>\n\t\t\t<div class='gallery-icon landscape'>\n\t\t\t\t<a href='http:\/\/akademia-przedszkolaka.net.pl\/nowy-sacz\/wp-content\/uploads\/sites\/3\/2019\/05\/1-festyn-rodzinny10.jpg'><img width=\"150\" height=\"150\" src=\"http:\/\/akademia-przedszkolaka.net.pl\/nowy-sacz\/wp-content\/uploads\/sites\/3\/2019\/05\/1-festyn-rodzinny10-150x150.jpg\" class=\"attachment-thumbnail size-thumbnail\" alt=\"\" decoding=\"async\" loading=\"lazy\" srcset=\"http:\/\/akademia-przedszkolaka.net.pl\/nowy-sacz\/wp-content\/uploads\/sites\/3\/2019\/05\/1-festyn-rodzinny10-150x150.jpg 150w, http:\/\/akademia-przedszkolaka.net.pl\/nowy-sacz\/wp-content\/uploads\/sites\/3\/2019\/05\/1-festyn-rodzinny10-300x300.jpg 300w\" sizes=\"(max-width: 150px) 100vw, 150px\" \/><\/a>\n\t\t\t<\/div><\/figure><figure class='gallery-item'>\n\t\t\t<div class='gallery-icon landscape'>\n\t\t\t\t<a href='http:\/\/akademia-przedszkolaka.net.pl\/nowy-sacz\/wp-content\/uploads\/sites\/3\/2019\/05\/1-festyn-rodzinny9.jpg'><img width=\"150\" height=\"150\" src=\"http:\/\/akademia-przedszkolaka.net.pl\/nowy-sacz\/wp-content\/uploads\/sites\/3\/2019\/05\/1-festyn-rodzinny9-150x150.jpg\" class=\"attachment-thumbnail size-thumbnail\" alt=\"\" decoding=\"async\" loading=\"lazy\" srcset=\"http:\/\/akademia-przedszkolaka.net.pl\/nowy-sacz\/wp-content\/uploads\/sites\/3\/2019\/05\/1-festyn-rodzinny9-150x150.jpg 150w, http:\/\/akademia-przedszkolaka.net.pl\/nowy-sacz\/wp-content\/uploads\/sites\/3\/2019\/05\/1-festyn-rodzinny9-300x300.jpg 300w\" sizes=\"(max-width: 150px) 100vw, 150px\" \/><\/a>\n\t\t\t<\/div><\/figure><figure class='gallery-item'>\n\t\t\t<div class='gallery-icon landscape'>\n\t\t\t\t<a href='http:\/\/akademia-przedszkolaka.net.pl\/nowy-sacz\/wp-content\/uploads\/sites\/3\/2019\/05\/1-festyn-rodzinny.jpg'><img width=\"150\" height=\"150\" src=\"http:\/\/akademia-przedszkolaka.net.pl\/nowy-sacz\/wp-content\/uploads\/sites\/3\/2019\/05\/1-festyn-rodzinny-150x150.jpg\" class=\"attachment-thumbnail size-thumbnail\" alt=\"\" decoding=\"async\" loading=\"lazy\" srcset=\"http:\/\/akademia-przedszkolaka.net.pl\/nowy-sacz\/wp-content\/uploads\/sites\/3\/2019\/05\/1-festyn-rodzinny-150x150.jpg 150w, http:\/\/akademia-przedszkolaka.net.pl\/nowy-sacz\/wp-content\/uploads\/sites\/3\/2019\/05\/1-festyn-rodzinny-300x300.jpg 300w\" sizes=\"(max-width: 150px) 100vw, 150px\" \/><\/a>\n\t\t\t<\/div><\/figure><figure class='gallery-item'>\n\t\t\t<div class='gallery-icon landscape'>\n\t\t\t\t<a href='http:\/\/akademia-przedszkolaka.net.pl\/nowy-sacz\/wp-content\/uploads\/sites\/3\/2019\/05\/1-festyn-rodzinny1.jpg'><img width=\"150\" height=\"150\" src=\"http:\/\/akademia-przedszkolaka.net.pl\/nowy-sacz\/wp-content\/uploads\/sites\/3\/2019\/05\/1-festyn-rodzinny1-150x150.jpg\" class=\"attachment-thumbnail size-thumbnail\" alt=\"\" decoding=\"async\" loading=\"lazy\" srcset=\"http:\/\/akademia-przedszkolaka.net.pl\/nowy-sacz\/wp-content\/uploads\/sites\/3\/2019\/05\/1-festyn-rodzinny1-150x150.jpg 150w, http:\/\/akademia-przedszkolaka.net.pl\/nowy-sacz\/wp-content\/uploads\/sites\/3\/2019\/05\/1-festyn-rodzinny1-300x300.jpg 300w\" sizes=\"(max-width: 150px) 100vw, 150px\" \/><\/a>\n\t\t\t<\/div><\/figure><figure class='gallery-item'>\n\t\t\t<div class='gallery-icon landscape'>\n\t\t\t\t<a href='http:\/\/akademia-przedszkolaka.net.pl\/nowy-sacz\/wp-content\/uploads\/sites\/3\/2019\/05\/1-festyn-rodzinny2.jpg'><img width=\"150\" height=\"150\" src=\"http:\/\/akademia-przedszkolaka.net.pl\/nowy-sacz\/wp-content\/uploads\/sites\/3\/2019\/05\/1-festyn-rodzinny2-150x150.jpg\" class=\"attachment-thumbnail size-thumbnail\" alt=\"\" decoding=\"async\" loading=\"lazy\" srcset=\"http:\/\/akademia-przedszkolaka.net.pl\/nowy-sacz\/wp-content\/uploads\/sites\/3\/2019\/05\/1-festyn-rodzinny2-150x150.jpg 150w, http:\/\/akademia-przedszkolaka.net.pl\/nowy-sacz\/wp-content\/uploads\/sites\/3\/2019\/05\/1-festyn-rodzinny2-300x300.jpg 300w\" sizes=\"(max-width: 150px) 100vw, 150px\" \/><\/a>\n\t\t\t<\/div><\/figure><figure class='gallery-item'>\n\t\t\t<div class='gallery-icon landscape'>\n\t\t\t\t<a href='http:\/\/akademia-przedszkolaka.net.pl\/nowy-sacz\/wp-content\/uploads\/sites\/3\/2019\/05\/1-festyn-rodzinny3.jpg'><img width=\"150\" height=\"150\" src=\"http:\/\/akademia-przedszkolaka.net.pl\/nowy-sacz\/wp-content\/uploads\/sites\/3\/2019\/05\/1-festyn-rodzinny3-150x150.jpg\" class=\"attachment-thumbnail size-thumbnail\" alt=\"\" decoding=\"async\" loading=\"lazy\" srcset=\"http:\/\/akademia-przedszkolaka.net.pl\/nowy-sacz\/wp-content\/uploads\/sites\/3\/2019\/05\/1-festyn-rodzinny3-150x150.jpg 150w, http:\/\/akademia-przedszkolaka.net.pl\/nowy-sacz\/wp-content\/uploads\/sites\/3\/2019\/05\/1-festyn-rodzinny3-300x300.jpg 300w\" sizes=\"(max-width: 150px) 100vw, 150px\" \/><\/a>\n\t\t\t<\/div><\/figure><figure class='gallery-item'>\n\t\t\t<div class='gallery-icon landscape'>\n\t\t\t\t<a href='http:\/\/akademia-przedszkolaka.net.pl\/nowy-sacz\/wp-content\/uploads\/sites\/3\/2019\/05\/1-festyn-rodzinny4.jpg'><img width=\"150\" height=\"150\" src=\"http:\/\/akademia-przedszkolaka.net.pl\/nowy-sacz\/wp-content\/uploads\/sites\/3\/2019\/05\/1-festyn-rodzinny4-150x150.jpg\" class=\"attachment-thumbnail size-thumbnail\" alt=\"\" decoding=\"async\" loading=\"lazy\" srcset=\"http:\/\/akademia-przedszkolaka.net.pl\/nowy-sacz\/wp-content\/uploads\/sites\/3\/2019\/05\/1-festyn-rodzinny4-150x150.jpg 150w, http:\/\/akademia-przedszkolaka.net.pl\/nowy-sacz\/wp-content\/uploads\/sites\/3\/2019\/05\/1-festyn-rodzinny4-300x300.jpg 300w\" sizes=\"(max-width: 150px) 100vw, 150px\" \/><\/a>\n\t\t\t<\/div><\/figure><figure class='gallery-item'>\n\t\t\t<div class='gallery-icon landscape'>\n\t\t\t\t<a href='http:\/\/akademia-przedszkolaka.net.pl\/nowy-sacz\/wp-content\/uploads\/sites\/3\/2019\/05\/1-festyn-rodzinny5.jpg'><img width=\"150\" height=\"150\" src=\"http:\/\/akademia-przedszkolaka.net.pl\/nowy-sacz\/wp-content\/uploads\/sites\/3\/2019\/05\/1-festyn-rodzinny5-150x150.jpg\" class=\"attachment-thumbnail size-thumbnail\" alt=\"\" decoding=\"async\" loading=\"lazy\" srcset=\"http:\/\/akademia-przedszkolaka.net.pl\/nowy-sacz\/wp-content\/uploads\/sites\/3\/2019\/05\/1-festyn-rodzinny5-150x150.jpg 150w, http:\/\/akademia-przedszkolaka.net.pl\/nowy-sacz\/wp-content\/uploads\/sites\/3\/2019\/05\/1-festyn-rodzinny5-300x300.jpg 300w\" sizes=\"(max-width: 150px) 100vw, 150px\" \/><\/a>\n\t\t\t<\/div><\/figure><figure class='gallery-item'>\n\t\t\t<div class='gallery-icon landscape'>\n\t\t\t\t<a href='http:\/\/akademia-przedszkolaka.net.pl\/nowy-sacz\/wp-content\/uploads\/sites\/3\/2019\/05\/1-festyn-rodzinny6.jpg'><img width=\"150\" height=\"150\" src=\"http:\/\/akademia-przedszkolaka.net.pl\/nowy-sacz\/wp-content\/uploads\/sites\/3\/2019\/05\/1-festyn-rodzinny6-150x150.jpg\" class=\"attachment-thumbnail size-thumbnail\" alt=\"\" decoding=\"async\" loading=\"lazy\" srcset=\"http:\/\/akademia-przedszkolaka.net.pl\/nowy-sacz\/wp-content\/uploads\/sites\/3\/2019\/05\/1-festyn-rodzinny6-150x150.jpg 150w, http:\/\/akademia-przedszkolaka.net.pl\/nowy-sacz\/wp-content\/uploads\/sites\/3\/2019\/05\/1-festyn-rodzinny6-300x300.jpg 300w\" sizes=\"(max-width: 150px) 100vw, 150px\" \/><\/a>\n\t\t\t<\/div><\/figure><figure class='gallery-item'>\n\t\t\t<div class='gallery-icon landscape'>\n\t\t\t\t<a href='http:\/\/akademia-przedszkolaka.net.pl\/nowy-sacz\/wp-content\/uploads\/sites\/3\/2019\/05\/1-festyn-rodzinny7.jpg'><img width=\"150\" height=\"150\" src=\"http:\/\/akademia-przedszkolaka.net.pl\/nowy-sacz\/wp-content\/uploads\/sites\/3\/2019\/05\/1-festyn-rodzinny7-150x150.jpg\" class=\"attachment-thumbnail size-thumbnail\" alt=\"\" decoding=\"async\" loading=\"lazy\" srcset=\"http:\/\/akademia-przedszkolaka.net.pl\/nowy-sacz\/wp-content\/uploads\/sites\/3\/2019\/05\/1-festyn-rodzinny7-150x150.jpg 150w, http:\/\/akademia-przedszkolaka.net.pl\/nowy-sacz\/wp-content\/uploads\/sites\/3\/2019\/05\/1-festyn-rodzinny7-300x300.jpg 300w\" sizes=\"(max-width: 150px) 100vw, 150px\" \/><\/a>\n\t\t\t<\/div><\/figure><figure class='gallery-item'>\n\t\t\t<div class='gallery-icon landscape'>\n\t\t\t\t<a href='http:\/\/akademia-przedszkolaka.net.pl\/nowy-sacz\/wp-content\/uploads\/sites\/3\/2019\/05\/1-festyn-rodzinny8.jpg'><img width=\"150\" height=\"150\" src=\"http:\/\/akademia-przedszkolaka.net.pl\/nowy-sacz\/wp-content\/uploads\/sites\/3\/2019\/05\/1-festyn-rodzinny8-150x150.jpg\" class=\"attachment-thumbnail size-thumbnail\" alt=\"\" decoding=\"async\" loading=\"lazy\" srcset=\"http:\/\/akademia-przedszkolaka.net.pl\/nowy-sacz\/wp-content\/uploads\/sites\/3\/2019\/05\/1-festyn-rodzinny8-150x150.jpg 150w, http:\/\/akademia-przedszkolaka.net.pl\/nowy-sacz\/wp-content\/uploads\/sites\/3\/2019\/05\/1-festyn-rodzinny8-300x300.jpg 300w\" sizes=\"(max-width: 150px) 100vw, 150px\" \/><\/a>\n\t\t\t<\/div><\/figure>\n\t\t<\/div>\n\n<!--[if lt IE 9]><script>document.createElement('video');<\/script><![endif]-->\n\t<div class=\"wp-playlist wp-video-playlist wp-playlist-light\">\n\t\t<video controls=\"controls\" preload=\"none\" width=\"618\"\n\t\t height=\"347\"\t><\/video>\n\t<div class=\"wp-playlist-next\"><\/div>\n\t<div class=\"wp-playlist-prev\"><\/div>\n\t<noscript>\n\t<ol>\n\t\t<li><a href='http:\/\/akademia-przedszkolaka.net.pl\/nowy-sacz\/wp-content\/uploads\/sites\/3\/2019\/05\/festyn1-online-video-cutter.com_.mp4'>festyn1 (online-video-cutter.com)<\/a><\/li><li><a href='http:\/\/akademia-przedszkolaka.net.pl\/nowy-sacz\/wp-content\/uploads\/sites\/3\/2019\/05\/festyn2-online-video-cutter.com-1.mp4'>festyn2 (online-video-cutter.com) (1)<\/a><\/li><li><a href='http:\/\/akademia-przedszkolaka.net.pl\/nowy-sacz\/wp-content\/uploads\/sites\/3\/2019\/05\/festyn3-online-video-cutter.com_.mp4'>festyn3 (online-video-cutter.com)<\/a><\/li><li><a href='http:\/\/akademia-przedszkolaka.net.pl\/nowy-sacz\/wp-content\/uploads\/sites\/3\/2019\/05\/festyn4-online-video-cutter.com_.mp4'>festyn4 (online-video-cutter.com)<\/a><\/li><li><a href='http:\/\/akademia-przedszkolaka.net.pl\/nowy-sacz\/wp-content\/uploads\/sites\/3\/2019\/05\/festyn5-online-video-cutter.com_.mp4'>festyn5 (online-video-cutter.com)<\/a><\/li><li><a href='http:\/\/akademia-przedszkolaka.net.pl\/nowy-sacz\/wp-content\/uploads\/sites\/3\/2019\/05\/festyn6-online-video-cutter.com_.mp4'>festyn6 (online-video-cutter.com)<\/a><\/li>\t<\/ol>\n\t<\/noscript>\n\t<script type=\"application\/json\" class=\"wp-playlist-script\">{\"type\":\"video\",\"tracklist\":true,\"tracknumbers\":true,\"images\":true,\"artists\":true,\"tracks\":[{\"src\":\"http:\\\/\\\/akademia-przedszkolaka.net.pl\\\/nowy-sacz\\\/wp-content\\\/uploads\\\/sites\\\/3\\\/2019\\\/05\\\/festyn1-online-video-cutter.com_.mp4\",\"type\":\"video\\\/mp4\",\"title\":\"festyn1 (online-video-cutter.com)\",\"caption\":\"\",\"description\":\"\",\"meta\":{\"length_formatted\":\"0:16\"},\"dimensions\":{\"original\":{\"width\":640,\"height\":360},\"resized\":{\"width\":618,\"height\":348}},\"image\":{\"src\":\"http:\\\/\\\/akademia-przedszkolaka.net.pl\\\/nowy-sacz\\\/wp-includes\\\/images\\\/media\\\/video.png\",\"width\":48,\"height\":64},\"thumb\":{\"src\":\"http:\\\/\\\/akademia-przedszkolaka.net.pl\\\/nowy-sacz\\\/wp-includes\\\/images\\\/media\\\/video.png\",\"width\":48,\"height\":64}},{\"src\":\"http:\\\/\\\/akademia-przedszkolaka.net.pl\\\/nowy-sacz\\\/wp-content\\\/uploads\\\/sites\\\/3\\\/2019\\\/05\\\/festyn2-online-video-cutter.com-1.mp4\",\"type\":\"video\\\/mp4\",\"title\":\"festyn2 (online-video-cutter.com) (1)\",\"caption\":\"\",\"description\":\"\",\"meta\":{\"length_formatted\":\"0:26\"},\"dimensions\":{\"original\":{\"width\":854,\"height\":480},\"resized\":{\"width\":618,\"height\":347}},\"image\":{\"src\":\"http:\\\/\\\/akademia-przedszkolaka.net.pl\\\/nowy-sacz\\\/wp-includes\\\/images\\\/media\\\/video.png\",\"width\":48,\"height\":64},\"thumb\":{\"src\":\"http:\\\/\\\/akademia-przedszkolaka.net.pl\\\/nowy-sacz\\\/wp-includes\\\/images\\\/media\\\/video.png\",\"width\":48,\"height\":64}},{\"src\":\"http:\\\/\\\/akademia-przedszkolaka.net.pl\\\/nowy-sacz\\\/wp-content\\\/uploads\\\/sites\\\/3\\\/2019\\\/05\\\/festyn3-online-video-cutter.com_.mp4\",\"type\":\"video\\\/mp4\",\"title\":\"festyn3 (online-video-cutter.com)\",\"caption\":\"\",\"description\":\"\",\"meta\":{\"length_formatted\":\"0:20\"},\"dimensions\":{\"original\":{\"width\":854,\"height\":480},\"resized\":{\"width\":618,\"height\":347}},\"image\":{\"src\":\"http:\\\/\\\/akademia-przedszkolaka.net.pl\\\/nowy-sacz\\\/wp-includes\\\/images\\\/media\\\/video.png\",\"width\":48,\"height\":64},\"thumb\":{\"src\":\"http:\\\/\\\/akademia-przedszkolaka.net.pl\\\/nowy-sacz\\\/wp-includes\\\/images\\\/media\\\/video.png\",\"width\":48,\"height\":64}},{\"src\":\"http:\\\/\\\/akademia-przedszkolaka.net.pl\\\/nowy-sacz\\\/wp-content\\\/uploads\\\/sites\\\/3\\\/2019\\\/05\\\/festyn4-online-video-cutter.com_.mp4\",\"type\":\"video\\\/mp4\",\"title\":\"festyn4 (online-video-cutter.com)\",\"caption\":\"\",\"description\":\"\",\"meta\":{\"length_formatted\":\"0:16\"},\"dimensions\":{\"original\":{\"width\":270,\"height\":480},\"resized\":{\"width\":618,\"height\":1099}},\"image\":{\"src\":\"http:\\\/\\\/akademia-przedszkolaka.net.pl\\\/nowy-sacz\\\/wp-includes\\\/images\\\/media\\\/video.png\",\"width\":48,\"height\":64},\"thumb\":{\"src\":\"http:\\\/\\\/akademia-przedszkolaka.net.pl\\\/nowy-sacz\\\/wp-includes\\\/images\\\/media\\\/video.png\",\"width\":48,\"height\":64}},{\"src\":\"http:\\\/\\\/akademia-przedszkolaka.net.pl\\\/nowy-sacz\\\/wp-content\\\/uploads\\\/sites\\\/3\\\/2019\\\/05\\\/festyn5-online-video-cutter.com_.mp4\",\"type\":\"video\\\/mp4\",\"title\":\"festyn5 (online-video-cutter.com)\",\"caption\":\"\",\"description\":\"\",\"meta\":{\"length_formatted\":\"0:36\"},\"dimensions\":{\"original\":{\"width\":854,\"height\":480},\"resized\":{\"width\":618,\"height\":347}},\"image\":{\"src\":\"http:\\\/\\\/akademia-przedszkolaka.net.pl\\\/nowy-sacz\\\/wp-includes\\\/images\\\/media\\\/video.png\",\"width\":48,\"height\":64},\"thumb\":{\"src\":\"http:\\\/\\\/akademia-przedszkolaka.net.pl\\\/nowy-sacz\\\/wp-includes\\\/images\\\/media\\\/video.png\",\"width\":48,\"height\":64}},{\"src\":\"http:\\\/\\\/akademia-przedszkolaka.net.pl\\\/nowy-sacz\\\/wp-content\\\/uploads\\\/sites\\\/3\\\/2019\\\/05\\\/festyn6-online-video-cutter.com_.mp4\",\"type\":\"video\\\/mp4\",\"title\":\"festyn6 (online-video-cutter.com)\",\"caption\":\"\",\"description\":\"\",\"meta\":{\"length_formatted\":\"0:23\"},\"dimensions\":{\"original\":{\"width\":854,\"height\":480},\"resized\":{\"width\":618,\"height\":347}},\"image\":{\"src\":\"http:\\\/\\\/akademia-przedszkolaka.net.pl\\\/nowy-sacz\\\/wp-includes\\\/images\\\/media\\\/video.png\",\"width\":48,\"height\":64},\"thumb\":{\"src\":\"http:\\\/\\\/akademia-przedszkolaka.net.pl\\\/nowy-sacz\\\/wp-includes\\\/images\\\/media\\\/video.png\",\"width\":48,\"height\":64}}]}<\/script>\n<\/div>\n\t\n","protected":false},"excerpt":{"rendered":"<p>W minionym tygodniu w naszej Akademii odby\u0142 si\u0119 Pierwszy Festyn Rodzinny! Przedszkolaki zaprosi\u0142y swoich rodzic\u00f3w i rodze\u0144stwo i specjalnie dla nich przygotowa\u0142y kolorowy wyst\u0119p artystyczny. By\u0142o du\u017co \u015bpiewu, ta\u0144ca, sporo \u017cycze\u0144 &#8211; wszystko dla Rodzic\u00f3w! Dzieci wr\u0119czy\u0142y tak\u017ce samodzielnie wykonane prezenty oraz zaprosi\u0142y Rodzic\u00f3w do dalszej, wsp\u00f3lnej zabawy: konkurs\u00f3w i zawod\u00f3w, loterii fantowej i malowania&#8230;<\/p>\n","protected":false},"author":2,"featured_media":802,"comment_status":"closed","ping_status":"closed","sticky":false,"template":"","format":"standard","meta":[],"categories":[1],"tags":[],"_links":{"self":[{"href":"http:\/\/akademia-przedszkolaka.net.pl\/nowy-sacz\/wp-json\/wp\/v2\/posts\/790"}],"collection":[{"href":"http:\/\/akademia-przedszkolaka.net.pl\/nowy-sacz\/wp-json\/wp\/v2\/posts"}],"about":[{"href":"http:\/\/akademia-przedszkolaka.net.pl\/nowy-sacz\/wp-json\/wp\/v2\/types\/post"}],"author":[{"embeddable":true,"href":"http:\/\/akademia-przedszkolaka.net.pl\/nowy-sacz\/wp-json\/wp\/v2\/users\/2"}],"replies":[{"embeddable":true,"href":"http:\/\/akademia-przedszkolaka.net.pl\/nowy-sacz\/wp-json\/wp\/v2\/comments?post=790"}],"version-history":[{"count":1,"href":"http:\/\/akademia-przedszkolaka.net.pl\/nowy-sacz\/wp-json\/wp\/v2\/posts\/790\/revisions"}],"predecessor-version":[{"id":809,"href":"http:\/\/akademia-przedszkolaka.net.pl\/nowy-sacz\/wp-json\/wp\/v2\/posts\/790\/revisions\/809"}],"wp:featuredmedia":[{"embeddable":true,"href":"http:\/\/akademia-przedszkolaka.net.pl\/nowy-sacz\/wp-json\/wp\/v2\/media\/802"}],"wp:attachment":[{"href":"http:\/\/akademia-przedszkolaka.net.pl\/nowy-sacz\/wp-json\/wp\/v2\/media?parent=790"}],"wp:term":[{"taxonomy":"category","embeddable":true,"href":"http:\/\/akademia-przedszkolaka.net.pl\/nowy-sacz\/wp-json\/wp\/v2\/categories?post=790"},{"taxonomy":"post_tag","embeddable":true,"href":"http:\/\/akademia-przedszkolaka.net.pl\/nowy-sacz\/wp-json\/wp\/v2\/tags?post=790"}],"curies":[{"name":"wp","href":"https:\/\/api.w.org\/{rel}","templated":true}]}}