{"id":771,"date":"2019-05-07T12:32:03","date_gmt":"2019-05-07T10:32:03","guid":{"rendered":"http:\/\/akademia-przedszkolaka.net.pl\/nowy-sacz\/?p=771"},"modified":"2019-05-07T12:32:03","modified_gmt":"2019-05-07T10:32:03","slug":"%f0%9f%91%a9%e2%80%8d%f0%9f%8d%b3%f0%9f%91%a8%e2%80%8d%f0%9f%8d%b3warsztaty-kulinarne%f0%9f%91%a8%e2%80%8d%f0%9f%8d%b3%f0%9f%91%a9%e2%80%8d%f0%9f%8d%b3","status":"publish","type":"post","link":"http:\/\/akademia-przedszkolaka.net.pl\/nowy-sacz\/2019\/05\/07\/%f0%9f%91%a9%e2%80%8d%f0%9f%8d%b3%f0%9f%91%a8%e2%80%8d%f0%9f%8d%b3warsztaty-kulinarne%f0%9f%91%a8%e2%80%8d%f0%9f%8d%b3%f0%9f%91%a9%e2%80%8d%f0%9f%8d%b3\/","title":{"rendered":"\ud83d\udc69\u200d\ud83c\udf73\ud83d\udc68\u200d\ud83c\udf73Warsztaty kulinarne!\ud83d\udc68\u200d\ud83c\udf73\ud83d\udc69\u200d\ud83c\udf73"},"content":{"rendered":"<div class=\"\" data-block=\"true\" data-editor=\"9t2nv\" data-offset-key=\"54oop-0-0\">\n<div class=\"_1mf _1mj\" data-offset-key=\"54oop-0-0\"><\/div>\n<\/div>\n<div class=\"\" data-block=\"true\" data-editor=\"9t2nv\" data-offset-key=\"4645j-0-0\">\n<div class=\"_1mf _1mj\" style=\"text-align: center\" data-offset-key=\"4645j-0-0\"><span data-offset-key=\"4645j-0-0\">Niedawno nasze wspania\u0142e przedszkolaki po raz kolejny zamieni\u0142y si\u0119 w ma\u0142ych kucharzy!<br \/>\nTym razem przyrz\u0105dzili przepyszne &#8222;lody&#8221; bananowe pod czujnym okiem pani Ma\u0142gosi.<br \/>\nDzieci ch\u0119tnie kroi\u0142y banany, nadziewa\u0142y na patyczki, zanurza\u0142y w specjalnej polewie<br \/>\noraz dekorowa\u0142y cukrow\u0105 posypk\u0105!<br \/>\nW\u0142asnor\u0119cznie zrobione &#8222;lody&#8221; smakowa\u0142y <\/span><span class=\"_3yzm\" data-offset-key=\"4645j-1-0\"><span class=\"_2k9q\"><span data-offset-key=\"4645j-1-0\">wspaniale<\/span><\/span><\/span><span data-offset-key=\"4645j-2-0\"> w trakcie podwieczorku.<\/span><\/div>\n<\/div>\n<div data-offset-key=\"4645j-0-0\">\n<div id='gallery-1' class='gallery galleryid-771 gallery-columns-3 gallery-size-thumbnail'><figure class='gallery-item'>\n\t\t\t<div class='gallery-icon landscape'>\n\t\t\t\t<a href='http:\/\/akademia-przedszkolaka.net.pl\/nowy-sacz\/wp-content\/uploads\/sites\/3\/2019\/05\/lody-bananowe.jpg'><img width=\"150\" height=\"150\" src=\"http:\/\/akademia-przedszkolaka.net.pl\/nowy-sacz\/wp-content\/uploads\/sites\/3\/2019\/05\/lody-bananowe-150x150.jpg\" class=\"attachment-thumbnail size-thumbnail\" alt=\"\" decoding=\"async\" loading=\"lazy\" srcset=\"http:\/\/akademia-przedszkolaka.net.pl\/nowy-sacz\/wp-content\/uploads\/sites\/3\/2019\/05\/lody-bananowe-150x150.jpg 150w, http:\/\/akademia-przedszkolaka.net.pl\/nowy-sacz\/wp-content\/uploads\/sites\/3\/2019\/05\/lody-bananowe-300x300.jpg 300w\" sizes=\"(max-width: 150px) 100vw, 150px\" \/><\/a>\n\t\t\t<\/div><\/figure><figure class='gallery-item'>\n\t\t\t<div class='gallery-icon landscape'>\n\t\t\t\t<a href='http:\/\/akademia-przedszkolaka.net.pl\/nowy-sacz\/wp-content\/uploads\/sites\/3\/2019\/05\/lody-bananowe1.jpg'><img width=\"150\" height=\"150\" src=\"http:\/\/akademia-przedszkolaka.net.pl\/nowy-sacz\/wp-content\/uploads\/sites\/3\/2019\/05\/lody-bananowe1-150x150.jpg\" class=\"attachment-thumbnail size-thumbnail\" alt=\"\" decoding=\"async\" loading=\"lazy\" srcset=\"http:\/\/akademia-przedszkolaka.net.pl\/nowy-sacz\/wp-content\/uploads\/sites\/3\/2019\/05\/lody-bananowe1-150x150.jpg 150w, http:\/\/akademia-przedszkolaka.net.pl\/nowy-sacz\/wp-content\/uploads\/sites\/3\/2019\/05\/lody-bananowe1-300x300.jpg 300w\" sizes=\"(max-width: 150px) 100vw, 150px\" \/><\/a>\n\t\t\t<\/div><\/figure><figure class='gallery-item'>\n\t\t\t<div class='gallery-icon landscape'>\n\t\t\t\t<a href='http:\/\/akademia-przedszkolaka.net.pl\/nowy-sacz\/wp-content\/uploads\/sites\/3\/2019\/05\/lody-bananowe2.jpg'><img width=\"150\" height=\"150\" src=\"http:\/\/akademia-przedszkolaka.net.pl\/nowy-sacz\/wp-content\/uploads\/sites\/3\/2019\/05\/lody-bananowe2-150x150.jpg\" class=\"attachment-thumbnail size-thumbnail\" alt=\"\" decoding=\"async\" loading=\"lazy\" srcset=\"http:\/\/akademia-przedszkolaka.net.pl\/nowy-sacz\/wp-content\/uploads\/sites\/3\/2019\/05\/lody-bananowe2-150x150.jpg 150w, http:\/\/akademia-przedszkolaka.net.pl\/nowy-sacz\/wp-content\/uploads\/sites\/3\/2019\/05\/lody-bananowe2-300x300.jpg 300w\" sizes=\"(max-width: 150px) 100vw, 150px\" \/><\/a>\n\t\t\t<\/div><\/figure>\n\t\t<\/div>\n\n<\/div>\n","protected":false},"excerpt":{"rendered":"<p>Niedawno nasze wspania\u0142e przedszkolaki po raz kolejny zamieni\u0142y si\u0119 w ma\u0142ych kucharzy! Tym razem przyrz\u0105dzili przepyszne &#8222;lody&#8221; bananowe pod czujnym okiem pani Ma\u0142gosi. Dzieci ch\u0119tnie kroi\u0142y banany, nadziewa\u0142y na patyczki, zanurza\u0142y w specjalnej polewie oraz dekorowa\u0142y cukrow\u0105 posypk\u0105! W\u0142asnor\u0119cznie zrobione &#8222;lody&#8221; smakowa\u0142y wspaniale w trakcie podwieczorku.<\/p>\n","protected":false},"author":2,"featured_media":775,"comment_status":"closed","ping_status":"closed","sticky":false,"template":"","format":"standard","meta":[],"categories":[1],"tags":[],"_links":{"self":[{"href":"http:\/\/akademia-przedszkolaka.net.pl\/nowy-sacz\/wp-json\/wp\/v2\/posts\/771"}],"collection":[{"href":"http:\/\/akademia-przedszkolaka.net.pl\/nowy-sacz\/wp-json\/wp\/v2\/posts"}],"about":[{"href":"http:\/\/akademia-przedszkolaka.net.pl\/nowy-sacz\/wp-json\/wp\/v2\/types\/post"}],"author":[{"embeddable":true,"href":"http:\/\/akademia-przedszkolaka.net.pl\/nowy-sacz\/wp-json\/wp\/v2\/users\/2"}],"replies":[{"embeddable":true,"href":"http:\/\/akademia-przedszkolaka.net.pl\/nowy-sacz\/wp-json\/wp\/v2\/comments?post=771"}],"version-history":[{"count":1,"href":"http:\/\/akademia-przedszkolaka.net.pl\/nowy-sacz\/wp-json\/wp\/v2\/posts\/771\/revisions"}],"predecessor-version":[{"id":776,"href":"http:\/\/akademia-przedszkolaka.net.pl\/nowy-sacz\/wp-json\/wp\/v2\/posts\/771\/revisions\/776"}],"wp:featuredmedia":[{"embeddable":true,"href":"http:\/\/akademia-przedszkolaka.net.pl\/nowy-sacz\/wp-json\/wp\/v2\/media\/775"}],"wp:attachment":[{"href":"http:\/\/akademia-przedszkolaka.net.pl\/nowy-sacz\/wp-json\/wp\/v2\/media?parent=771"}],"wp:term":[{"taxonomy":"category","embeddable":true,"href":"http:\/\/akademia-przedszkolaka.net.pl\/nowy-sacz\/wp-json\/wp\/v2\/categories?post=771"},{"taxonomy":"post_tag","embeddable":true,"href":"http:\/\/akademia-przedszkolaka.net.pl\/nowy-sacz\/wp-json\/wp\/v2\/tags?post=771"}],"curies":[{"name":"wp","href":"https:\/\/api.w.org\/{rel}","templated":true}]}}