{"id":760,"date":"2019-05-02T12:29:23","date_gmt":"2019-05-02T10:29:23","guid":{"rendered":"http:\/\/akademia-przedszkolaka.net.pl\/nowy-sacz\/?p=760"},"modified":"2019-05-02T12:29:23","modified_gmt":"2019-05-02T10:29:23","slug":"%f0%9f%87%b5%f0%9f%87%b1dzien-flagi-panstwowej%f0%9f%87%b5%f0%9f%87%b1","status":"publish","type":"post","link":"http:\/\/akademia-przedszkolaka.net.pl\/nowy-sacz\/2019\/05\/02\/%f0%9f%87%b5%f0%9f%87%b1dzien-flagi-panstwowej%f0%9f%87%b5%f0%9f%87%b1\/","title":{"rendered":"\ud83c\uddf5\ud83c\uddf1Dzie\u0144 Flagi Pa\u0144stwowej!\ud83c\uddf5\ud83c\uddf1"},"content":{"rendered":"<div class=\"\" data-block=\"true\" data-editor=\"6h5db\" data-offset-key=\"fna7j-0-0\">\n<div class=\"_1mf _1mj\" data-offset-key=\"fna7j-0-0\"><\/div>\n<\/div>\n<div class=\"\" data-block=\"true\" data-editor=\"6h5db\" data-offset-key=\"d5h51-0-0\">\n<div class=\"_1mf _1mj\" style=\"text-align: center\" data-offset-key=\"d5h51-0-0\"><span data-offset-key=\"d5h51-0-0\">Nasze wspania\u0142e przedszkolaki poznawa\u0142y niedawno polskie symbole narodowe.<br \/>\nWykona\u0142y mn\u00f3stwo prac z tym zwi\u0105zanych! Ponadto mia\u0142y mo\u017cliwo\u015b\u0107 wzi\u0119cia udzia\u0142u we wspania\u0142ym koncercie patriotycznym, podczas kt\u00f3rego wys\u0142ucha\u0142y wielu piosenek, niekt\u00f3re \u015bpiewa\u0142y, a do niekt\u00f3rych mog\u0142y si\u0119 porusza\u0107!<\/span><\/div>\n<div data-offset-key=\"d5h51-0-0\">\n<div id='gallery-1' class='gallery galleryid-760 gallery-columns-2 gallery-size-thumbnail'><figure class='gallery-item'>\n\t\t\t<div class='gallery-icon landscape'>\n\t\t\t\t<a href='http:\/\/akademia-przedszkolaka.net.pl\/nowy-sacz\/wp-content\/uploads\/sites\/3\/2019\/05\/polskiesymbole.jpg'><img width=\"150\" height=\"150\" src=\"http:\/\/akademia-przedszkolaka.net.pl\/nowy-sacz\/wp-content\/uploads\/sites\/3\/2019\/05\/polskiesymbole-150x150.jpg\" class=\"attachment-thumbnail size-thumbnail\" alt=\"\" decoding=\"async\" loading=\"lazy\" srcset=\"http:\/\/akademia-przedszkolaka.net.pl\/nowy-sacz\/wp-content\/uploads\/sites\/3\/2019\/05\/polskiesymbole-150x150.jpg 150w, http:\/\/akademia-przedszkolaka.net.pl\/nowy-sacz\/wp-content\/uploads\/sites\/3\/2019\/05\/polskiesymbole-300x300.jpg 300w\" sizes=\"(max-width: 150px) 100vw, 150px\" \/><\/a>\n\t\t\t<\/div><\/figure><figure class='gallery-item'>\n\t\t\t<div class='gallery-icon landscape'>\n\t\t\t\t<a href='http:\/\/akademia-przedszkolaka.net.pl\/nowy-sacz\/wp-content\/uploads\/sites\/3\/2019\/05\/polskiesymbole1.jpg'><img width=\"150\" height=\"150\" src=\"http:\/\/akademia-przedszkolaka.net.pl\/nowy-sacz\/wp-content\/uploads\/sites\/3\/2019\/05\/polskiesymbole1-150x150.jpg\" class=\"attachment-thumbnail size-thumbnail\" alt=\"\" decoding=\"async\" loading=\"lazy\" srcset=\"http:\/\/akademia-przedszkolaka.net.pl\/nowy-sacz\/wp-content\/uploads\/sites\/3\/2019\/05\/polskiesymbole1-150x150.jpg 150w, http:\/\/akademia-przedszkolaka.net.pl\/nowy-sacz\/wp-content\/uploads\/sites\/3\/2019\/05\/polskiesymbole1-300x300.jpg 300w\" sizes=\"(max-width: 150px) 100vw, 150px\" \/><\/a>\n\t\t\t<\/div><\/figure><figure class='gallery-item'>\n\t\t\t<div class='gallery-icon landscape'>\n\t\t\t\t<a href='http:\/\/akademia-przedszkolaka.net.pl\/nowy-sacz\/wp-content\/uploads\/sites\/3\/2019\/05\/polskiesymbole2.jpg'><img width=\"150\" height=\"150\" src=\"http:\/\/akademia-przedszkolaka.net.pl\/nowy-sacz\/wp-content\/uploads\/sites\/3\/2019\/05\/polskiesymbole2-150x150.jpg\" class=\"attachment-thumbnail size-thumbnail\" alt=\"\" decoding=\"async\" loading=\"lazy\" srcset=\"http:\/\/akademia-przedszkolaka.net.pl\/nowy-sacz\/wp-content\/uploads\/sites\/3\/2019\/05\/polskiesymbole2-150x150.jpg 150w, http:\/\/akademia-przedszkolaka.net.pl\/nowy-sacz\/wp-content\/uploads\/sites\/3\/2019\/05\/polskiesymbole2-300x300.jpg 300w\" sizes=\"(max-width: 150px) 100vw, 150px\" \/><\/a>\n\t\t\t<\/div><\/figure><figure class='gallery-item'>\n\t\t\t<div class='gallery-icon landscape'>\n\t\t\t\t<a href='http:\/\/akademia-przedszkolaka.net.pl\/nowy-sacz\/wp-content\/uploads\/sites\/3\/2019\/05\/polskiesymbole3.jpg'><img width=\"150\" height=\"150\" src=\"http:\/\/akademia-przedszkolaka.net.pl\/nowy-sacz\/wp-content\/uploads\/sites\/3\/2019\/05\/polskiesymbole3-150x150.jpg\" class=\"attachment-thumbnail size-thumbnail\" alt=\"\" decoding=\"async\" loading=\"lazy\" srcset=\"http:\/\/akademia-przedszkolaka.net.pl\/nowy-sacz\/wp-content\/uploads\/sites\/3\/2019\/05\/polskiesymbole3-150x150.jpg 150w, http:\/\/akademia-przedszkolaka.net.pl\/nowy-sacz\/wp-content\/uploads\/sites\/3\/2019\/05\/polskiesymbole3-300x300.jpg 300w\" sizes=\"(max-width: 150px) 100vw, 150px\" \/><\/a>\n\t\t\t<\/div><\/figure><figure class='gallery-item'>\n\t\t\t<div class='gallery-icon landscape'>\n\t\t\t\t<a href='http:\/\/akademia-przedszkolaka.net.pl\/nowy-sacz\/wp-content\/uploads\/sites\/3\/2019\/05\/polskiesymbole4.jpg'><img width=\"150\" height=\"150\" src=\"http:\/\/akademia-przedszkolaka.net.pl\/nowy-sacz\/wp-content\/uploads\/sites\/3\/2019\/05\/polskiesymbole4-150x150.jpg\" class=\"attachment-thumbnail size-thumbnail\" alt=\"\" decoding=\"async\" loading=\"lazy\" srcset=\"http:\/\/akademia-przedszkolaka.net.pl\/nowy-sacz\/wp-content\/uploads\/sites\/3\/2019\/05\/polskiesymbole4-150x150.jpg 150w, http:\/\/akademia-przedszkolaka.net.pl\/nowy-sacz\/wp-content\/uploads\/sites\/3\/2019\/05\/polskiesymbole4-300x300.jpg 300w\" sizes=\"(max-width: 150px) 100vw, 150px\" \/><\/a>\n\t\t\t<\/div><\/figure>\n\t\t<\/div>\n\n<!--[if lt IE 9]><script>document.createElement('video');<\/script><![endif]-->\n\t<div class=\"wp-playlist wp-video-playlist wp-playlist-light\">\n\t\t<video controls=\"controls\" preload=\"none\" width=\"618\"\n\t\t height=\"1102\"\t><\/video>\n\t<div class=\"wp-playlist-next\"><\/div>\n\t<div class=\"wp-playlist-prev\"><\/div>\n\t<noscript>\n\t<ol>\n\t\t<li><a href='http:\/\/akademia-przedszkolaka.net.pl\/nowy-sacz\/wp-content\/uploads\/sites\/3\/2019\/05\/video-1556532973.mp4'>video-1556532973<\/a><\/li><li><a href='http:\/\/akademia-przedszkolaka.net.pl\/nowy-sacz\/wp-content\/uploads\/sites\/3\/2019\/05\/video-1556533038.mp4'>video-1556533038<\/a><\/li>\t<\/ol>\n\t<\/noscript>\n\t<script type=\"application\/json\" class=\"wp-playlist-script\">{\"type\":\"video\",\"tracklist\":true,\"tracknumbers\":true,\"images\":true,\"artists\":true,\"tracks\":[{\"src\":\"http:\\\/\\\/akademia-przedszkolaka.net.pl\\\/nowy-sacz\\\/wp-content\\\/uploads\\\/sites\\\/3\\\/2019\\\/05\\\/video-1556532973.mp4\",\"type\":\"video\\\/mp4\",\"title\":\"video-1556532973\",\"caption\":\"\",\"description\":\"\",\"meta\":{\"length_formatted\":\"0:33\"},\"dimensions\":{\"original\":{\"width\":368,\"height\":656},\"resized\":{\"width\":618,\"height\":1102}},\"image\":{\"src\":\"http:\\\/\\\/akademia-przedszkolaka.net.pl\\\/nowy-sacz\\\/wp-includes\\\/images\\\/media\\\/video.png\",\"width\":48,\"height\":64},\"thumb\":{\"src\":\"http:\\\/\\\/akademia-przedszkolaka.net.pl\\\/nowy-sacz\\\/wp-includes\\\/images\\\/media\\\/video.png\",\"width\":48,\"height\":64}},{\"src\":\"http:\\\/\\\/akademia-przedszkolaka.net.pl\\\/nowy-sacz\\\/wp-content\\\/uploads\\\/sites\\\/3\\\/2019\\\/05\\\/video-1556533038.mp4\",\"type\":\"video\\\/mp4\",\"title\":\"video-1556533038\",\"caption\":\"\",\"description\":\"\",\"meta\":{\"length_formatted\":\"0:35\"},\"dimensions\":{\"original\":{\"width\":368,\"height\":656},\"resized\":{\"width\":618,\"height\":1102}},\"image\":{\"src\":\"http:\\\/\\\/akademia-przedszkolaka.net.pl\\\/nowy-sacz\\\/wp-includes\\\/images\\\/media\\\/video.png\",\"width\":48,\"height\":64},\"thumb\":{\"src\":\"http:\\\/\\\/akademia-przedszkolaka.net.pl\\\/nowy-sacz\\\/wp-includes\\\/images\\\/media\\\/video.png\",\"width\":48,\"height\":64}}]}<\/script>\n<\/div>\n\t\n<\/div>\n<\/div>\n","protected":false},"excerpt":{"rendered":"<p>Nasze wspania\u0142e przedszkolaki poznawa\u0142y niedawno polskie symbole narodowe. Wykona\u0142y mn\u00f3stwo prac z tym zwi\u0105zanych! Ponadto mia\u0142y mo\u017cliwo\u015b\u0107 wzi\u0119cia udzia\u0142u we wspania\u0142ym koncercie patriotycznym, podczas kt\u00f3rego wys\u0142ucha\u0142y wielu piosenek, niekt\u00f3re \u015bpiewa\u0142y, a do niekt\u00f3rych mog\u0142y si\u0119 porusza\u0107!<\/p>\n","protected":false},"author":2,"featured_media":768,"comment_status":"closed","ping_status":"closed","sticky":false,"template":"","format":"standard","meta":[],"categories":[1],"tags":[],"_links":{"self":[{"href":"http:\/\/akademia-przedszkolaka.net.pl\/nowy-sacz\/wp-json\/wp\/v2\/posts\/760"}],"collection":[{"href":"http:\/\/akademia-przedszkolaka.net.pl\/nowy-sacz\/wp-json\/wp\/v2\/posts"}],"about":[{"href":"http:\/\/akademia-przedszkolaka.net.pl\/nowy-sacz\/wp-json\/wp\/v2\/types\/post"}],"author":[{"embeddable":true,"href":"http:\/\/akademia-przedszkolaka.net.pl\/nowy-sacz\/wp-json\/wp\/v2\/users\/2"}],"replies":[{"embeddable":true,"href":"http:\/\/akademia-przedszkolaka.net.pl\/nowy-sacz\/wp-json\/wp\/v2\/comments?post=760"}],"version-history":[{"count":1,"href":"http:\/\/akademia-przedszkolaka.net.pl\/nowy-sacz\/wp-json\/wp\/v2\/posts\/760\/revisions"}],"predecessor-version":[{"id":769,"href":"http:\/\/akademia-przedszkolaka.net.pl\/nowy-sacz\/wp-json\/wp\/v2\/posts\/760\/revisions\/769"}],"wp:featuredmedia":[{"embeddable":true,"href":"http:\/\/akademia-przedszkolaka.net.pl\/nowy-sacz\/wp-json\/wp\/v2\/media\/768"}],"wp:attachment":[{"href":"http:\/\/akademia-przedszkolaka.net.pl\/nowy-sacz\/wp-json\/wp\/v2\/media?parent=760"}],"wp:term":[{"taxonomy":"category","embeddable":true,"href":"http:\/\/akademia-przedszkolaka.net.pl\/nowy-sacz\/wp-json\/wp\/v2\/categories?post=760"},{"taxonomy":"post_tag","embeddable":true,"href":"http:\/\/akademia-przedszkolaka.net.pl\/nowy-sacz\/wp-json\/wp\/v2\/tags?post=760"}],"curies":[{"name":"wp","href":"https:\/\/api.w.org\/{rel}","templated":true}]}}