{"id":756,"date":"2019-04-25T13:42:14","date_gmt":"2019-04-25T11:42:14","guid":{"rendered":"http:\/\/akademia-przedszkolaka.net.pl\/nowy-sacz\/?p=756"},"modified":"2019-04-25T13:42:14","modified_gmt":"2019-04-25T11:42:14","slug":"i-festyn-rodzinny","status":"publish","type":"post","link":"http:\/\/akademia-przedszkolaka.net.pl\/nowy-sacz\/2019\/04\/25\/i-festyn-rodzinny\/","title":{"rendered":"I Festyn Rodzinny"},"content":{"rendered":"<p align=\"justify\"><span style=\"color: #4682b4\"><span style=\"font-family: Comic Sans MS, cursive\"><span style=\"font-size: large\">Dyrekcja, Grono Pedagogiczne oraz Przedszkolaki zapraszaj\u0105 na I Festyn Rodzinny, kt\u00f3ry odb\u0119dzie si\u0119 14 maja 2019 o godzinie 16:00 na terenie Akademii Przedszkolaka<br \/>\nw Nowym S\u0105czu.<\/span><\/span><\/span><\/p>\n<p align=\"justify\"><span style=\"color: #4682b4\"><span style=\"font-family: Comic Sans MS, cursive\"><span style=\"font-size: large\">W programie zaplanowali\u015bmy:<\/span><\/span><\/span><\/p>\n<ul>\n<li>\n<p align=\"justify\"><span style=\"color: #4682b4\"><span style=\"font-family: Comic Sans MS, cursive\"><span style=\"font-size: large\">program artystyczny<\/span><\/span><\/span><\/p>\n<\/li>\n<li>\n<p align=\"justify\"><span style=\"color: #4682b4\"><span style=\"font-family: Comic Sans MS, cursive\"><span style=\"font-size: large\">loteri\u0119 fantow\u0105<\/span><\/span><\/span><\/p>\n<\/li>\n<li>\n<p align=\"justify\"><span style=\"color: #4682b4\"><span style=\"font-family: Comic Sans MS, cursive\"><span style=\"font-size: large\">malowanie twarzy<\/span><\/span><\/span><\/p>\n<\/li>\n<li>\n<p align=\"justify\"><span style=\"color: #4682b4\"><span style=\"font-family: Comic Sans MS, cursive\"><span style=\"font-size: large\">konkursy <\/span><\/span><\/span><\/p>\n<\/li>\n<li>\n<p align=\"justify\"><span style=\"color: #4682b4\"><span style=\"font-family: Comic Sans MS, cursive\"><span style=\"font-size: large\">pocz\u0119stunek<\/span><\/span><\/span><\/p>\n<\/li>\n<\/ul>\n<p align=\"justify\"><span style=\"color: #4682b4\"><span style=\"font-family: Comic Sans MS, cursive\"><span style=\"font-size: large\">Ch\u0119tnych rodzic\u00f3w prosimy o pomoc w zorganizowaniu loterii fantowej. Mile widziane s\u0105 tak\u017ce ciasta, owoce i soki.<\/span><\/span><\/span><\/p>\n<p align=\"justify\"><span style=\"color: #4682b4\"><span style=\"font-family: Comic Sans MS, cursive\"><span style=\"font-size: large\">Zapraszamy!<\/span><\/span><\/span><\/p>\n<p align=\"justify\">\n","protected":false},"excerpt":{"rendered":"<p>Dyrekcja, Grono Pedagogiczne oraz Przedszkolaki zapraszaj\u0105 na I Festyn Rodzinny, kt\u00f3ry odb\u0119dzie si\u0119 14 maja 2019 o godzinie 16:00 na terenie Akademii Przedszkolaka w Nowym S\u0105czu. W programie zaplanowali\u015bmy: program artystyczny loteri\u0119 fantow\u0105 malowanie twarzy konkursy pocz\u0119stunek Ch\u0119tnych rodzic\u00f3w prosimy o pomoc w zorganizowaniu loterii fantowej. Mile widziane s\u0105 tak\u017ce ciasta, owoce i soki. Zapraszamy!<\/p>\n","protected":false},"author":2,"featured_media":757,"comment_status":"closed","ping_status":"closed","sticky":false,"template":"","format":"standard","meta":[],"categories":[1],"tags":[],"_links":{"self":[{"href":"http:\/\/akademia-przedszkolaka.net.pl\/nowy-sacz\/wp-json\/wp\/v2\/posts\/756"}],"collection":[{"href":"http:\/\/akademia-przedszkolaka.net.pl\/nowy-sacz\/wp-json\/wp\/v2\/posts"}],"about":[{"href":"http:\/\/akademia-przedszkolaka.net.pl\/nowy-sacz\/wp-json\/wp\/v2\/types\/post"}],"author":[{"embeddable":true,"href":"http:\/\/akademia-przedszkolaka.net.pl\/nowy-sacz\/wp-json\/wp\/v2\/users\/2"}],"replies":[{"embeddable":true,"href":"http:\/\/akademia-przedszkolaka.net.pl\/nowy-sacz\/wp-json\/wp\/v2\/comments?post=756"}],"version-history":[{"count":2,"href":"http:\/\/akademia-przedszkolaka.net.pl\/nowy-sacz\/wp-json\/wp\/v2\/posts\/756\/revisions"}],"predecessor-version":[{"id":759,"href":"http:\/\/akademia-przedszkolaka.net.pl\/nowy-sacz\/wp-json\/wp\/v2\/posts\/756\/revisions\/759"}],"wp:featuredmedia":[{"embeddable":true,"href":"http:\/\/akademia-przedszkolaka.net.pl\/nowy-sacz\/wp-json\/wp\/v2\/media\/757"}],"wp:attachment":[{"href":"http:\/\/akademia-przedszkolaka.net.pl\/nowy-sacz\/wp-json\/wp\/v2\/media?parent=756"}],"wp:term":[{"taxonomy":"category","embeddable":true,"href":"http:\/\/akademia-przedszkolaka.net.pl\/nowy-sacz\/wp-json\/wp\/v2\/categories?post=756"},{"taxonomy":"post_tag","embeddable":true,"href":"http:\/\/akademia-przedszkolaka.net.pl\/nowy-sacz\/wp-json\/wp\/v2\/tags?post=756"}],"curies":[{"name":"wp","href":"https:\/\/api.w.org\/{rel}","templated":true}]}}