{"id":739,"date":"2019-04-18T13:26:07","date_gmt":"2019-04-18T11:26:07","guid":{"rendered":"http:\/\/akademia-przedszkolaka.net.pl\/nowy-sacz\/?p=739"},"modified":"2019-04-18T13:26:07","modified_gmt":"2019-04-18T11:26:07","slug":"%f0%9f%96%8c%e2%9c%82%ef%b8%8fwarsztaty-plastyczne%e2%9c%82%ef%b8%8f%f0%9f%96%8c","status":"publish","type":"post","link":"http:\/\/akademia-przedszkolaka.net.pl\/nowy-sacz\/2019\/04\/18\/%f0%9f%96%8c%e2%9c%82%ef%b8%8fwarsztaty-plastyczne%e2%9c%82%ef%b8%8f%f0%9f%96%8c\/","title":{"rendered":"\ud83d\udd8c\u2702\ufe0fWarsztaty plastyczne!\u2702\ufe0f\ud83d\udd8c"},"content":{"rendered":"<div class=\"\" data-block=\"true\" data-editor=\"24jhk\" data-offset-key=\"eh8bb-0-0\">\n<div class=\"_1mf _1mj\" style=\"text-align: center\" data-offset-key=\"eh8bb-0-0\"><\/div>\n<\/div>\n<div class=\"\" data-block=\"true\" data-editor=\"24jhk\" data-offset-key=\"f36ps-0-0\">\n<div class=\"_1mf _1mj\" style=\"text-align: center\" data-offset-key=\"f36ps-0-0\"><span data-offset-key=\"f36ps-0-0\">W naszej Akademii pojawi\u0142o si\u0119 mn\u00f3stwo kurczak\u00f3w! Nasze przedszkolaki stworzy\u0142y wspania\u0142e stadko w trakcie warsztat\u00f3w plastycznych.<\/span><\/div>\n<div data-offset-key=\"f36ps-0-0\">\n<div id='gallery-1' class='gallery galleryid-739 gallery-columns-3 gallery-size-thumbnail'><figure class='gallery-item'>\n\t\t\t<div class='gallery-icon landscape'>\n\t\t\t\t<a href='http:\/\/akademia-przedszkolaka.net.pl\/nowy-sacz\/wp-content\/uploads\/sites\/3\/2019\/04\/warsztaty-plastyczne.jpg'><img width=\"150\" height=\"150\" src=\"http:\/\/akademia-przedszkolaka.net.pl\/nowy-sacz\/wp-content\/uploads\/sites\/3\/2019\/04\/warsztaty-plastyczne-150x150.jpg\" class=\"attachment-thumbnail size-thumbnail\" alt=\"\" decoding=\"async\" loading=\"lazy\" srcset=\"http:\/\/akademia-przedszkolaka.net.pl\/nowy-sacz\/wp-content\/uploads\/sites\/3\/2019\/04\/warsztaty-plastyczne-150x150.jpg 150w, http:\/\/akademia-przedszkolaka.net.pl\/nowy-sacz\/wp-content\/uploads\/sites\/3\/2019\/04\/warsztaty-plastyczne-300x300.jpg 300w\" sizes=\"(max-width: 150px) 100vw, 150px\" \/><\/a>\n\t\t\t<\/div><\/figure><figure class='gallery-item'>\n\t\t\t<div class='gallery-icon landscape'>\n\t\t\t\t<a href='http:\/\/akademia-przedszkolaka.net.pl\/nowy-sacz\/wp-content\/uploads\/sites\/3\/2019\/04\/warsztaty-plastyczne1.jpg'><img width=\"150\" height=\"150\" src=\"http:\/\/akademia-przedszkolaka.net.pl\/nowy-sacz\/wp-content\/uploads\/sites\/3\/2019\/04\/warsztaty-plastyczne1-150x150.jpg\" class=\"attachment-thumbnail size-thumbnail\" alt=\"\" decoding=\"async\" loading=\"lazy\" srcset=\"http:\/\/akademia-przedszkolaka.net.pl\/nowy-sacz\/wp-content\/uploads\/sites\/3\/2019\/04\/warsztaty-plastyczne1-150x150.jpg 150w, http:\/\/akademia-przedszkolaka.net.pl\/nowy-sacz\/wp-content\/uploads\/sites\/3\/2019\/04\/warsztaty-plastyczne1-300x300.jpg 300w\" sizes=\"(max-width: 150px) 100vw, 150px\" \/><\/a>\n\t\t\t<\/div><\/figure>\n\t\t<\/div>\n\n<\/div>\n<\/div>\n","protected":false},"excerpt":{"rendered":"<p>W naszej Akademii pojawi\u0142o si\u0119 mn\u00f3stwo kurczak\u00f3w! Nasze przedszkolaki stworzy\u0142y wspania\u0142e stadko w trakcie warsztat\u00f3w plastycznych.<\/p>\n","protected":false},"author":2,"featured_media":0,"comment_status":"closed","ping_status":"closed","sticky":false,"template":"","format":"standard","meta":[],"categories":[1],"tags":[],"_links":{"self":[{"href":"http:\/\/akademia-przedszkolaka.net.pl\/nowy-sacz\/wp-json\/wp\/v2\/posts\/739"}],"collection":[{"href":"http:\/\/akademia-przedszkolaka.net.pl\/nowy-sacz\/wp-json\/wp\/v2\/posts"}],"about":[{"href":"http:\/\/akademia-przedszkolaka.net.pl\/nowy-sacz\/wp-json\/wp\/v2\/types\/post"}],"author":[{"embeddable":true,"href":"http:\/\/akademia-przedszkolaka.net.pl\/nowy-sacz\/wp-json\/wp\/v2\/users\/2"}],"replies":[{"embeddable":true,"href":"http:\/\/akademia-przedszkolaka.net.pl\/nowy-sacz\/wp-json\/wp\/v2\/comments?post=739"}],"version-history":[{"count":1,"href":"http:\/\/akademia-przedszkolaka.net.pl\/nowy-sacz\/wp-json\/wp\/v2\/posts\/739\/revisions"}],"predecessor-version":[{"id":742,"href":"http:\/\/akademia-przedszkolaka.net.pl\/nowy-sacz\/wp-json\/wp\/v2\/posts\/739\/revisions\/742"}],"wp:attachment":[{"href":"http:\/\/akademia-przedszkolaka.net.pl\/nowy-sacz\/wp-json\/wp\/v2\/media?parent=739"}],"wp:term":[{"taxonomy":"category","embeddable":true,"href":"http:\/\/akademia-przedszkolaka.net.pl\/nowy-sacz\/wp-json\/wp\/v2\/categories?post=739"},{"taxonomy":"post_tag","embeddable":true,"href":"http:\/\/akademia-przedszkolaka.net.pl\/nowy-sacz\/wp-json\/wp\/v2\/tags?post=739"}],"curies":[{"name":"wp","href":"https:\/\/api.w.org\/{rel}","templated":true}]}}