{"id":724,"date":"2019-04-18T12:32:47","date_gmt":"2019-04-18T10:32:47","guid":{"rendered":"http:\/\/akademia-przedszkolaka.net.pl\/nowy-sacz\/?p=724"},"modified":"2019-04-18T12:32:47","modified_gmt":"2019-04-18T10:32:47","slug":"%f0%9f%86%98szkolenie-z-pierwszej-pomocy%f0%9f%86%98","status":"publish","type":"post","link":"http:\/\/akademia-przedszkolaka.net.pl\/nowy-sacz\/2019\/04\/18\/%f0%9f%86%98szkolenie-z-pierwszej-pomocy%f0%9f%86%98\/","title":{"rendered":"\ud83c\udd98Szkolenie z Pierwszej Pomocy!\ud83c\udd98"},"content":{"rendered":"<div class=\"\" data-block=\"true\" data-editor=\"9a7rq\" data-offset-key=\"54kv-0-0\">\n<div class=\"_1mf _1mj\" data-offset-key=\"54kv-0-0\"><\/div>\n<\/div>\n<div class=\"\" data-block=\"true\" data-editor=\"9a7rq\" data-offset-key=\"5ct1-0-0\">\n<div class=\"_1mf _1mj\" style=\"text-align: center\" data-offset-key=\"5ct1-0-0\"><span data-offset-key=\"5ct1-0-0\">Do naszego przedszkola przyby\u0142a pani &#8211; ratownik medyczny &#8211; kt\u00f3ra przeszkoli\u0142a dzieci z podstaw udzielania pierwszej pomocy. Przedszkolaki dowiedzia\u0142y si\u0119, na jaki numer nale\u017cy dzwoni\u0107, gdy co\u015b z\u0142ego si\u0119 dzieje, uczy\u0142y si\u0119 banda\u017cowa\u0107 pluszaki oraz koleg\u00f3w i kole\u017canki, a tak\u017ce mia\u0142y mo\u017cliwo\u015b\u0107 \u0107wiczenia resuscytacji oddechowo-kr\u0105\u017ceniowej na specjalnym fantomie! Dzi\u0119kujemy za wspania\u0142e szkolenie!<\/span><\/div>\n<\/div>\n<div class=\"\" data-block=\"true\" data-editor=\"9a7rq\" data-offset-key=\"cmttv-0-0\">\n<div class=\"_1mf _1mj\" style=\"text-align: center\" data-offset-key=\"cmttv-0-0\"><span data-offset-key=\"cmttv-0-0\"><span data-offset-key=\"cmttv-0-0\">P.S. Informujemy, \u017ce w trakcie szkolenia pluszaki ani personel nie ponie\u015bli \u017cadnych obra\u017ce\u0144 <span class=\"_3gl1 _5zz4\" data-offset-key=\"cmttv-1-0\"><span class=\"_ncl\">\ud83d\ude09<\/span><\/span>.<\/span><\/span><div id='gallery-1' class='gallery galleryid-724 gallery-columns-3 gallery-size-thumbnail'><figure class='gallery-item'>\n\t\t\t<div class='gallery-icon landscape'>\n\t\t\t\t<a href='http:\/\/akademia-przedszkolaka.net.pl\/nowy-sacz\/wp-content\/uploads\/sites\/3\/2019\/04\/pierwsza-pomoc.jpg'><img width=\"150\" height=\"150\" src=\"http:\/\/akademia-przedszkolaka.net.pl\/nowy-sacz\/wp-content\/uploads\/sites\/3\/2019\/04\/pierwsza-pomoc-150x150.jpg\" class=\"attachment-thumbnail size-thumbnail\" alt=\"\" decoding=\"async\" loading=\"lazy\" srcset=\"http:\/\/akademia-przedszkolaka.net.pl\/nowy-sacz\/wp-content\/uploads\/sites\/3\/2019\/04\/pierwsza-pomoc-150x150.jpg 150w, http:\/\/akademia-przedszkolaka.net.pl\/nowy-sacz\/wp-content\/uploads\/sites\/3\/2019\/04\/pierwsza-pomoc-300x300.jpg 300w\" sizes=\"(max-width: 150px) 100vw, 150px\" \/><\/a>\n\t\t\t<\/div><\/figure><figure class='gallery-item'>\n\t\t\t<div class='gallery-icon landscape'>\n\t\t\t\t<a href='http:\/\/akademia-przedszkolaka.net.pl\/nowy-sacz\/wp-content\/uploads\/sites\/3\/2019\/04\/pierwsza-pomoc1.jpg'><img width=\"150\" height=\"150\" src=\"http:\/\/akademia-przedszkolaka.net.pl\/nowy-sacz\/wp-content\/uploads\/sites\/3\/2019\/04\/pierwsza-pomoc1-150x150.jpg\" class=\"attachment-thumbnail size-thumbnail\" alt=\"\" decoding=\"async\" loading=\"lazy\" srcset=\"http:\/\/akademia-przedszkolaka.net.pl\/nowy-sacz\/wp-content\/uploads\/sites\/3\/2019\/04\/pierwsza-pomoc1-150x150.jpg 150w, http:\/\/akademia-przedszkolaka.net.pl\/nowy-sacz\/wp-content\/uploads\/sites\/3\/2019\/04\/pierwsza-pomoc1-300x300.jpg 300w\" sizes=\"(max-width: 150px) 100vw, 150px\" \/><\/a>\n\t\t\t<\/div><\/figure><figure class='gallery-item'>\n\t\t\t<div class='gallery-icon landscape'>\n\t\t\t\t<a href='http:\/\/akademia-przedszkolaka.net.pl\/nowy-sacz\/wp-content\/uploads\/sites\/3\/2019\/04\/pierwsza-pomoc2.jpg'><img width=\"150\" height=\"150\" src=\"http:\/\/akademia-przedszkolaka.net.pl\/nowy-sacz\/wp-content\/uploads\/sites\/3\/2019\/04\/pierwsza-pomoc2-150x150.jpg\" class=\"attachment-thumbnail size-thumbnail\" alt=\"\" decoding=\"async\" loading=\"lazy\" srcset=\"http:\/\/akademia-przedszkolaka.net.pl\/nowy-sacz\/wp-content\/uploads\/sites\/3\/2019\/04\/pierwsza-pomoc2-150x150.jpg 150w, http:\/\/akademia-przedszkolaka.net.pl\/nowy-sacz\/wp-content\/uploads\/sites\/3\/2019\/04\/pierwsza-pomoc2-300x300.jpg 300w\" sizes=\"(max-width: 150px) 100vw, 150px\" \/><\/a>\n\t\t\t<\/div><\/figure><figure class='gallery-item'>\n\t\t\t<div class='gallery-icon landscape'>\n\t\t\t\t<a href='http:\/\/akademia-przedszkolaka.net.pl\/nowy-sacz\/wp-content\/uploads\/sites\/3\/2019\/04\/pierwsza-pomoc3.jpg'><img width=\"150\" height=\"150\" src=\"http:\/\/akademia-przedszkolaka.net.pl\/nowy-sacz\/wp-content\/uploads\/sites\/3\/2019\/04\/pierwsza-pomoc3-150x150.jpg\" class=\"attachment-thumbnail size-thumbnail\" alt=\"\" decoding=\"async\" loading=\"lazy\" srcset=\"http:\/\/akademia-przedszkolaka.net.pl\/nowy-sacz\/wp-content\/uploads\/sites\/3\/2019\/04\/pierwsza-pomoc3-150x150.jpg 150w, http:\/\/akademia-przedszkolaka.net.pl\/nowy-sacz\/wp-content\/uploads\/sites\/3\/2019\/04\/pierwsza-pomoc3-300x300.jpg 300w\" sizes=\"(max-width: 150px) 100vw, 150px\" \/><\/a>\n\t\t\t<\/div><\/figure><figure class='gallery-item'>\n\t\t\t<div class='gallery-icon landscape'>\n\t\t\t\t<a href='http:\/\/akademia-przedszkolaka.net.pl\/nowy-sacz\/wp-content\/uploads\/sites\/3\/2019\/04\/pierwsza-pomoc4.jpg'><img width=\"150\" height=\"150\" src=\"http:\/\/akademia-przedszkolaka.net.pl\/nowy-sacz\/wp-content\/uploads\/sites\/3\/2019\/04\/pierwsza-pomoc4-150x150.jpg\" class=\"attachment-thumbnail size-thumbnail\" alt=\"\" decoding=\"async\" loading=\"lazy\" srcset=\"http:\/\/akademia-przedszkolaka.net.pl\/nowy-sacz\/wp-content\/uploads\/sites\/3\/2019\/04\/pierwsza-pomoc4-150x150.jpg 150w, http:\/\/akademia-przedszkolaka.net.pl\/nowy-sacz\/wp-content\/uploads\/sites\/3\/2019\/04\/pierwsza-pomoc4-300x300.jpg 300w\" sizes=\"(max-width: 150px) 100vw, 150px\" \/><\/a>\n\t\t\t<\/div><\/figure><figure class='gallery-item'>\n\t\t\t<div class='gallery-icon landscape'>\n\t\t\t\t<a href='http:\/\/akademia-przedszkolaka.net.pl\/nowy-sacz\/wp-content\/uploads\/sites\/3\/2019\/04\/pierwsza-pomoc5.jpg'><img width=\"150\" height=\"150\" src=\"http:\/\/akademia-przedszkolaka.net.pl\/nowy-sacz\/wp-content\/uploads\/sites\/3\/2019\/04\/pierwsza-pomoc5-150x150.jpg\" class=\"attachment-thumbnail size-thumbnail\" alt=\"\" decoding=\"async\" loading=\"lazy\" srcset=\"http:\/\/akademia-przedszkolaka.net.pl\/nowy-sacz\/wp-content\/uploads\/sites\/3\/2019\/04\/pierwsza-pomoc5-150x150.jpg 150w, http:\/\/akademia-przedszkolaka.net.pl\/nowy-sacz\/wp-content\/uploads\/sites\/3\/2019\/04\/pierwsza-pomoc5-300x300.jpg 300w\" sizes=\"(max-width: 150px) 100vw, 150px\" \/><\/a>\n\t\t\t<\/div><\/figure>\n\t\t<\/div>\n<\/p>\n<\/div>\n<\/div>\n","protected":false},"excerpt":{"rendered":"<p>Do naszego przedszkola przyby\u0142a pani &#8211; ratownik medyczny &#8211; kt\u00f3ra przeszkoli\u0142a dzieci z podstaw udzielania pierwszej pomocy. Przedszkolaki dowiedzia\u0142y si\u0119, na jaki numer nale\u017cy dzwoni\u0107, gdy co\u015b z\u0142ego si\u0119 dzieje, uczy\u0142y si\u0119 banda\u017cowa\u0107 pluszaki oraz koleg\u00f3w i kole\u017canki, a tak\u017ce mia\u0142y mo\u017cliwo\u015b\u0107 \u0107wiczenia resuscytacji oddechowo-kr\u0105\u017ceniowej na specjalnym fantomie! Dzi\u0119kujemy za wspania\u0142e szkolenie! P.S. Informujemy, \u017ce&#8230;<\/p>\n","protected":false},"author":2,"featured_media":731,"comment_status":"closed","ping_status":"closed","sticky":false,"template":"","format":"standard","meta":[],"categories":[1],"tags":[],"_links":{"self":[{"href":"http:\/\/akademia-przedszkolaka.net.pl\/nowy-sacz\/wp-json\/wp\/v2\/posts\/724"}],"collection":[{"href":"http:\/\/akademia-przedszkolaka.net.pl\/nowy-sacz\/wp-json\/wp\/v2\/posts"}],"about":[{"href":"http:\/\/akademia-przedszkolaka.net.pl\/nowy-sacz\/wp-json\/wp\/v2\/types\/post"}],"author":[{"embeddable":true,"href":"http:\/\/akademia-przedszkolaka.net.pl\/nowy-sacz\/wp-json\/wp\/v2\/users\/2"}],"replies":[{"embeddable":true,"href":"http:\/\/akademia-przedszkolaka.net.pl\/nowy-sacz\/wp-json\/wp\/v2\/comments?post=724"}],"version-history":[{"count":2,"href":"http:\/\/akademia-przedszkolaka.net.pl\/nowy-sacz\/wp-json\/wp\/v2\/posts\/724\/revisions"}],"predecessor-version":[{"id":733,"href":"http:\/\/akademia-przedszkolaka.net.pl\/nowy-sacz\/wp-json\/wp\/v2\/posts\/724\/revisions\/733"}],"wp:featuredmedia":[{"embeddable":true,"href":"http:\/\/akademia-przedszkolaka.net.pl\/nowy-sacz\/wp-json\/wp\/v2\/media\/731"}],"wp:attachment":[{"href":"http:\/\/akademia-przedszkolaka.net.pl\/nowy-sacz\/wp-json\/wp\/v2\/media?parent=724"}],"wp:term":[{"taxonomy":"category","embeddable":true,"href":"http:\/\/akademia-przedszkolaka.net.pl\/nowy-sacz\/wp-json\/wp\/v2\/categories?post=724"},{"taxonomy":"post_tag","embeddable":true,"href":"http:\/\/akademia-przedszkolaka.net.pl\/nowy-sacz\/wp-json\/wp\/v2\/tags?post=724"}],"curies":[{"name":"wp","href":"https:\/\/api.w.org\/{rel}","templated":true}]}}