{"id":696,"date":"2019-03-18T09:04:48","date_gmt":"2019-03-18T08:04:48","guid":{"rendered":"http:\/\/akademia-przedszkolaka.net.pl\/nowy-sacz\/?p=696"},"modified":"2019-03-18T09:05:37","modified_gmt":"2019-03-18T08:05:37","slug":"drodzy-rodzice","status":"publish","type":"post","link":"http:\/\/akademia-przedszkolaka.net.pl\/nowy-sacz\/2019\/03\/18\/drodzy-rodzice\/","title":{"rendered":"Drodzy Rodzice!"},"content":{"rendered":"<div class=\"\" data-block=\"true\" data-editor=\"e5522\" data-offset-key=\"alp87-0-0\">\n<div class=\"_1mf _1mj\" data-offset-key=\"alp87-0-0\"><\/div>\n<\/div>\n<div class=\"\" data-block=\"true\" data-editor=\"e5522\" data-offset-key=\"3hp6m-0-0\">\n<div class=\"_1mf _1mj\" style=\"text-align: center\" data-offset-key=\"3hp6m-0-0\"><span data-offset-key=\"3hp6m-0-0\">Uprzejmie informujemy, \u017ce w naszej Akademii zosta\u0142y wywieszone listy dzieci przyj\u0119tych na rok szkolny 2019\/2020.<\/span><\/div>\n<\/div>\n","protected":false},"excerpt":{"rendered":"<p>Uprzejmie informujemy, \u017ce w naszej Akademii zosta\u0142y wywieszone listy dzieci przyj\u0119tych na rok szkolny 2019\/2020.<\/p>\n","protected":false},"author":2,"featured_media":576,"comment_status":"closed","ping_status":"closed","sticky":false,"template":"","format":"standard","meta":[],"categories":[1],"tags":[],"_links":{"self":[{"href":"http:\/\/akademia-przedszkolaka.net.pl\/nowy-sacz\/wp-json\/wp\/v2\/posts\/696"}],"collection":[{"href":"http:\/\/akademia-przedszkolaka.net.pl\/nowy-sacz\/wp-json\/wp\/v2\/posts"}],"about":[{"href":"http:\/\/akademia-przedszkolaka.net.pl\/nowy-sacz\/wp-json\/wp\/v2\/types\/post"}],"author":[{"embeddable":true,"href":"http:\/\/akademia-przedszkolaka.net.pl\/nowy-sacz\/wp-json\/wp\/v2\/users\/2"}],"replies":[{"embeddable":true,"href":"http:\/\/akademia-przedszkolaka.net.pl\/nowy-sacz\/wp-json\/wp\/v2\/comments?post=696"}],"version-history":[{"count":2,"href":"http:\/\/akademia-przedszkolaka.net.pl\/nowy-sacz\/wp-json\/wp\/v2\/posts\/696\/revisions"}],"predecessor-version":[{"id":698,"href":"http:\/\/akademia-przedszkolaka.net.pl\/nowy-sacz\/wp-json\/wp\/v2\/posts\/696\/revisions\/698"}],"wp:featuredmedia":[{"embeddable":true,"href":"http:\/\/akademia-przedszkolaka.net.pl\/nowy-sacz\/wp-json\/wp\/v2\/media\/576"}],"wp:attachment":[{"href":"http:\/\/akademia-przedszkolaka.net.pl\/nowy-sacz\/wp-json\/wp\/v2\/media?parent=696"}],"wp:term":[{"taxonomy":"category","embeddable":true,"href":"http:\/\/akademia-przedszkolaka.net.pl\/nowy-sacz\/wp-json\/wp\/v2\/categories?post=696"},{"taxonomy":"post_tag","embeddable":true,"href":"http:\/\/akademia-przedszkolaka.net.pl\/nowy-sacz\/wp-json\/wp\/v2\/tags?post=696"}],"curies":[{"name":"wp","href":"https:\/\/api.w.org\/{rel}","templated":true}]}}