{"id":689,"date":"2019-03-15T09:04:39","date_gmt":"2019-03-15T08:04:39","guid":{"rendered":"http:\/\/akademia-przedszkolaka.net.pl\/nowy-sacz\/?p=689"},"modified":"2019-03-15T09:04:39","modified_gmt":"2019-03-15T08:04:39","slug":"%f0%9f%91%a9%e2%80%8d%f0%9f%8c%bewarsztaty-ogrodnicze%f0%9f%91%a8%e2%80%8d%f0%9f%8c%be","status":"publish","type":"post","link":"http:\/\/akademia-przedszkolaka.net.pl\/nowy-sacz\/2019\/03\/15\/%f0%9f%91%a9%e2%80%8d%f0%9f%8c%bewarsztaty-ogrodnicze%f0%9f%91%a8%e2%80%8d%f0%9f%8c%be\/","title":{"rendered":"\ud83d\udc69\u200d\ud83c\udf3eWarsztaty ogrodnicze!\ud83d\udc68\u200d\ud83c\udf3e"},"content":{"rendered":"<div class=\"\" data-block=\"true\" data-editor=\"5m5lg\" data-offset-key=\"d027-0-0\">\n<div class=\"_1mf _1mj\" style=\"text-align: center\" data-offset-key=\"d027-0-0\"><\/div>\n<\/div>\n<div class=\"\" data-block=\"true\" data-editor=\"5m5lg\" data-offset-key=\"ci2av-0-0\">\n<div class=\"_1mf _1mj\" style=\"text-align: center\" data-offset-key=\"ci2av-0-0\"><span data-offset-key=\"ci2av-0-0\">Dzieci z naszej Akademii zosta\u0142y tymczasowymi ogrodnikami i posadzi\u0142y cebulki w doniczkach. Ka\u017cde dziecko wymalowa\u0142o doniczk\u0119, nasypa\u0142o do niej ziemi i zasadzi\u0142o cebulk\u0119. Wiele rado\u015bci przynios\u0142o samodzielne podlewanie. Teraz b\u0119d\u0105 obserwowa\u0107 co wyro\u015bnie z ziemi!<\/span><\/div>\n<div data-offset-key=\"ci2av-0-0\">\n<div id='gallery-1' class='gallery galleryid-689 gallery-columns-2 gallery-size-thumbnail'><figure class='gallery-item'>\n\t\t\t<div class='gallery-icon landscape'>\n\t\t\t\t<a href='http:\/\/akademia-przedszkolaka.net.pl\/nowy-sacz\/wp-content\/uploads\/sites\/3\/2019\/03\/warsztaty-ogrodnicze.jpg'><img width=\"150\" height=\"150\" src=\"http:\/\/akademia-przedszkolaka.net.pl\/nowy-sacz\/wp-content\/uploads\/sites\/3\/2019\/03\/warsztaty-ogrodnicze-150x150.jpg\" class=\"attachment-thumbnail size-thumbnail\" alt=\"\" decoding=\"async\" loading=\"lazy\" srcset=\"http:\/\/akademia-przedszkolaka.net.pl\/nowy-sacz\/wp-content\/uploads\/sites\/3\/2019\/03\/warsztaty-ogrodnicze-150x150.jpg 150w, http:\/\/akademia-przedszkolaka.net.pl\/nowy-sacz\/wp-content\/uploads\/sites\/3\/2019\/03\/warsztaty-ogrodnicze-300x300.jpg 300w\" sizes=\"(max-width: 150px) 100vw, 150px\" \/><\/a>\n\t\t\t<\/div><\/figure><figure class='gallery-item'>\n\t\t\t<div class='gallery-icon landscape'>\n\t\t\t\t<a href='http:\/\/akademia-przedszkolaka.net.pl\/nowy-sacz\/wp-content\/uploads\/sites\/3\/2019\/03\/warsztaty-ogrodnicze1.jpg'><img width=\"150\" height=\"150\" src=\"http:\/\/akademia-przedszkolaka.net.pl\/nowy-sacz\/wp-content\/uploads\/sites\/3\/2019\/03\/warsztaty-ogrodnicze1-150x150.jpg\" class=\"attachment-thumbnail size-thumbnail\" alt=\"\" decoding=\"async\" loading=\"lazy\" srcset=\"http:\/\/akademia-przedszkolaka.net.pl\/nowy-sacz\/wp-content\/uploads\/sites\/3\/2019\/03\/warsztaty-ogrodnicze1-150x150.jpg 150w, http:\/\/akademia-przedszkolaka.net.pl\/nowy-sacz\/wp-content\/uploads\/sites\/3\/2019\/03\/warsztaty-ogrodnicze1-300x300.jpg 300w\" sizes=\"(max-width: 150px) 100vw, 150px\" \/><\/a>\n\t\t\t<\/div><\/figure><figure class='gallery-item'>\n\t\t\t<div class='gallery-icon landscape'>\n\t\t\t\t<a href='http:\/\/akademia-przedszkolaka.net.pl\/nowy-sacz\/wp-content\/uploads\/sites\/3\/2019\/03\/warsztaty-ogrodnicze2.jpg'><img width=\"150\" height=\"150\" src=\"http:\/\/akademia-przedszkolaka.net.pl\/nowy-sacz\/wp-content\/uploads\/sites\/3\/2019\/03\/warsztaty-ogrodnicze2-150x150.jpg\" class=\"attachment-thumbnail size-thumbnail\" alt=\"\" decoding=\"async\" loading=\"lazy\" srcset=\"http:\/\/akademia-przedszkolaka.net.pl\/nowy-sacz\/wp-content\/uploads\/sites\/3\/2019\/03\/warsztaty-ogrodnicze2-150x150.jpg 150w, http:\/\/akademia-przedszkolaka.net.pl\/nowy-sacz\/wp-content\/uploads\/sites\/3\/2019\/03\/warsztaty-ogrodnicze2-300x300.jpg 300w\" sizes=\"(max-width: 150px) 100vw, 150px\" \/><\/a>\n\t\t\t<\/div><\/figure><figure class='gallery-item'>\n\t\t\t<div class='gallery-icon landscape'>\n\t\t\t\t<a href='http:\/\/akademia-przedszkolaka.net.pl\/nowy-sacz\/wp-content\/uploads\/sites\/3\/2019\/03\/warsztaty-ogrodnicze3.jpg'><img width=\"150\" height=\"150\" src=\"http:\/\/akademia-przedszkolaka.net.pl\/nowy-sacz\/wp-content\/uploads\/sites\/3\/2019\/03\/warsztaty-ogrodnicze3-150x150.jpg\" class=\"attachment-thumbnail size-thumbnail\" alt=\"\" decoding=\"async\" loading=\"lazy\" srcset=\"http:\/\/akademia-przedszkolaka.net.pl\/nowy-sacz\/wp-content\/uploads\/sites\/3\/2019\/03\/warsztaty-ogrodnicze3-150x150.jpg 150w, http:\/\/akademia-przedszkolaka.net.pl\/nowy-sacz\/wp-content\/uploads\/sites\/3\/2019\/03\/warsztaty-ogrodnicze3-300x300.jpg 300w\" sizes=\"(max-width: 150px) 100vw, 150px\" \/><\/a>\n\t\t\t<\/div><\/figure>\n\t\t<\/div>\n\n<\/div>\n<\/div>\n","protected":false},"excerpt":{"rendered":"<p>Dzieci z naszej Akademii zosta\u0142y tymczasowymi ogrodnikami i posadzi\u0142y cebulki w doniczkach. Ka\u017cde dziecko wymalowa\u0142o doniczk\u0119, nasypa\u0142o do niej ziemi i zasadzi\u0142o cebulk\u0119. Wiele rado\u015bci przynios\u0142o samodzielne podlewanie. Teraz b\u0119d\u0105 obserwowa\u0107 co wyro\u015bnie z ziemi!<\/p>\n","protected":false},"author":2,"featured_media":694,"comment_status":"closed","ping_status":"closed","sticky":false,"template":"","format":"standard","meta":[],"categories":[1],"tags":[],"_links":{"self":[{"href":"http:\/\/akademia-przedszkolaka.net.pl\/nowy-sacz\/wp-json\/wp\/v2\/posts\/689"}],"collection":[{"href":"http:\/\/akademia-przedszkolaka.net.pl\/nowy-sacz\/wp-json\/wp\/v2\/posts"}],"about":[{"href":"http:\/\/akademia-przedszkolaka.net.pl\/nowy-sacz\/wp-json\/wp\/v2\/types\/post"}],"author":[{"embeddable":true,"href":"http:\/\/akademia-przedszkolaka.net.pl\/nowy-sacz\/wp-json\/wp\/v2\/users\/2"}],"replies":[{"embeddable":true,"href":"http:\/\/akademia-przedszkolaka.net.pl\/nowy-sacz\/wp-json\/wp\/v2\/comments?post=689"}],"version-history":[{"count":1,"href":"http:\/\/akademia-przedszkolaka.net.pl\/nowy-sacz\/wp-json\/wp\/v2\/posts\/689\/revisions"}],"predecessor-version":[{"id":695,"href":"http:\/\/akademia-przedszkolaka.net.pl\/nowy-sacz\/wp-json\/wp\/v2\/posts\/689\/revisions\/695"}],"wp:featuredmedia":[{"embeddable":true,"href":"http:\/\/akademia-przedszkolaka.net.pl\/nowy-sacz\/wp-json\/wp\/v2\/media\/694"}],"wp:attachment":[{"href":"http:\/\/akademia-przedszkolaka.net.pl\/nowy-sacz\/wp-json\/wp\/v2\/media?parent=689"}],"wp:term":[{"taxonomy":"category","embeddable":true,"href":"http:\/\/akademia-przedszkolaka.net.pl\/nowy-sacz\/wp-json\/wp\/v2\/categories?post=689"},{"taxonomy":"post_tag","embeddable":true,"href":"http:\/\/akademia-przedszkolaka.net.pl\/nowy-sacz\/wp-json\/wp\/v2\/tags?post=689"}],"curies":[{"name":"wp","href":"https:\/\/api.w.org\/{rel}","templated":true}]}}