{"id":678,"date":"2019-03-14T08:23:54","date_gmt":"2019-03-14T07:23:54","guid":{"rendered":"http:\/\/akademia-przedszkolaka.net.pl\/nowy-sacz\/?p=678"},"modified":"2019-03-14T08:23:54","modified_gmt":"2019-03-14T07:23:54","slug":"%f0%9f%91%a9%e2%80%8d%f0%9f%8d%b3wizyta-w-kuchni%f0%9f%91%a9%e2%80%8d%f0%9f%8d%b3","status":"publish","type":"post","link":"http:\/\/akademia-przedszkolaka.net.pl\/nowy-sacz\/2019\/03\/14\/%f0%9f%91%a9%e2%80%8d%f0%9f%8d%b3wizyta-w-kuchni%f0%9f%91%a9%e2%80%8d%f0%9f%8d%b3\/","title":{"rendered":"\ud83d\udc69\u200d\ud83c\udf73Wizyta w kuchni!\ud83d\udc69\u200d\ud83c\udf73"},"content":{"rendered":"<div class=\"\" data-block=\"true\" data-editor=\"9l80i\" data-offset-key=\"cpe5f-0-0\">\n<div class=\"_1mf _1mj\" style=\"text-align: center\" data-offset-key=\"cpe5f-0-0\"><\/div>\n<\/div>\n<div class=\"\" data-block=\"true\" data-editor=\"9l80i\" data-offset-key=\"6k545-0-0\">\n<div class=\"_1mf _1mj\" style=\"text-align: center\" data-offset-key=\"6k545-0-0\"><span data-offset-key=\"6k545-0-0\">Niedawno nasze przedszkolaki pozna\u0142y zaw\u00f3d kucharki! W tym celu odwiedzi\u0142y kuchni\u0119, zapozna\u0142y si\u0119 z urz\u0105dzeniami tam dzia\u0142aj\u0105cymi, dowiedzia\u0142y si\u0119 jakie przedmioty s\u0105 niezb\u0119dne w kuchni i do czego s\u0142u\u017c\u0105. Tego dnia obiad smakowa\u0142 o wiele lepiej, ni\u017c zwykle!<\/span><\/div>\n<div data-offset-key=\"6k545-0-0\">\n<div id='gallery-1' class='gallery galleryid-678 gallery-columns-2 gallery-size-thumbnail'><figure class='gallery-item'>\n\t\t\t<div class='gallery-icon landscape'>\n\t\t\t\t<a href='http:\/\/akademia-przedszkolaka.net.pl\/nowy-sacz\/wp-content\/uploads\/sites\/3\/2019\/03\/spotkanie-z-kucharka.jpg'><img width=\"150\" height=\"150\" src=\"http:\/\/akademia-przedszkolaka.net.pl\/nowy-sacz\/wp-content\/uploads\/sites\/3\/2019\/03\/spotkanie-z-kucharka-150x150.jpg\" class=\"attachment-thumbnail size-thumbnail\" alt=\"\" decoding=\"async\" loading=\"lazy\" srcset=\"http:\/\/akademia-przedszkolaka.net.pl\/nowy-sacz\/wp-content\/uploads\/sites\/3\/2019\/03\/spotkanie-z-kucharka-150x150.jpg 150w, http:\/\/akademia-przedszkolaka.net.pl\/nowy-sacz\/wp-content\/uploads\/sites\/3\/2019\/03\/spotkanie-z-kucharka-300x300.jpg 300w\" sizes=\"(max-width: 150px) 100vw, 150px\" \/><\/a>\n\t\t\t<\/div><\/figure><figure class='gallery-item'>\n\t\t\t<div class='gallery-icon landscape'>\n\t\t\t\t<a href='http:\/\/akademia-przedszkolaka.net.pl\/nowy-sacz\/wp-content\/uploads\/sites\/3\/2019\/03\/spotkanie-z-kucharka1.jpg'><img width=\"150\" height=\"150\" src=\"http:\/\/akademia-przedszkolaka.net.pl\/nowy-sacz\/wp-content\/uploads\/sites\/3\/2019\/03\/spotkanie-z-kucharka1-150x150.jpg\" class=\"attachment-thumbnail size-thumbnail\" alt=\"\" decoding=\"async\" loading=\"lazy\" srcset=\"http:\/\/akademia-przedszkolaka.net.pl\/nowy-sacz\/wp-content\/uploads\/sites\/3\/2019\/03\/spotkanie-z-kucharka1-150x150.jpg 150w, http:\/\/akademia-przedszkolaka.net.pl\/nowy-sacz\/wp-content\/uploads\/sites\/3\/2019\/03\/spotkanie-z-kucharka1-300x300.jpg 300w\" sizes=\"(max-width: 150px) 100vw, 150px\" \/><\/a>\n\t\t\t<\/div><\/figure>\n\t\t<\/div>\n\n<\/div>\n<\/div>\n","protected":false},"excerpt":{"rendered":"<p>Niedawno nasze przedszkolaki pozna\u0142y zaw\u00f3d kucharki! W tym celu odwiedzi\u0142y kuchni\u0119, zapozna\u0142y si\u0119 z urz\u0105dzeniami tam dzia\u0142aj\u0105cymi, dowiedzia\u0142y si\u0119 jakie przedmioty s\u0105 niezb\u0119dne w kuchni i do czego s\u0142u\u017c\u0105. Tego dnia obiad smakowa\u0142 o wiele lepiej, ni\u017c zwykle!<\/p>\n","protected":false},"author":2,"featured_media":681,"comment_status":"closed","ping_status":"closed","sticky":false,"template":"","format":"standard","meta":[],"categories":[1],"tags":[],"_links":{"self":[{"href":"http:\/\/akademia-przedszkolaka.net.pl\/nowy-sacz\/wp-json\/wp\/v2\/posts\/678"}],"collection":[{"href":"http:\/\/akademia-przedszkolaka.net.pl\/nowy-sacz\/wp-json\/wp\/v2\/posts"}],"about":[{"href":"http:\/\/akademia-przedszkolaka.net.pl\/nowy-sacz\/wp-json\/wp\/v2\/types\/post"}],"author":[{"embeddable":true,"href":"http:\/\/akademia-przedszkolaka.net.pl\/nowy-sacz\/wp-json\/wp\/v2\/users\/2"}],"replies":[{"embeddable":true,"href":"http:\/\/akademia-przedszkolaka.net.pl\/nowy-sacz\/wp-json\/wp\/v2\/comments?post=678"}],"version-history":[{"count":1,"href":"http:\/\/akademia-przedszkolaka.net.pl\/nowy-sacz\/wp-json\/wp\/v2\/posts\/678\/revisions"}],"predecessor-version":[{"id":682,"href":"http:\/\/akademia-przedszkolaka.net.pl\/nowy-sacz\/wp-json\/wp\/v2\/posts\/678\/revisions\/682"}],"wp:featuredmedia":[{"embeddable":true,"href":"http:\/\/akademia-przedszkolaka.net.pl\/nowy-sacz\/wp-json\/wp\/v2\/media\/681"}],"wp:attachment":[{"href":"http:\/\/akademia-przedszkolaka.net.pl\/nowy-sacz\/wp-json\/wp\/v2\/media?parent=678"}],"wp:term":[{"taxonomy":"category","embeddable":true,"href":"http:\/\/akademia-przedszkolaka.net.pl\/nowy-sacz\/wp-json\/wp\/v2\/categories?post=678"},{"taxonomy":"post_tag","embeddable":true,"href":"http:\/\/akademia-przedszkolaka.net.pl\/nowy-sacz\/wp-json\/wp\/v2\/tags?post=678"}],"curies":[{"name":"wp","href":"https:\/\/api.w.org\/{rel}","templated":true}]}}