{"id":669,"date":"2019-03-13T11:17:20","date_gmt":"2019-03-13T10:17:20","guid":{"rendered":"http:\/\/akademia-przedszkolaka.net.pl\/nowy-sacz\/?p=669"},"modified":"2019-03-13T11:17:20","modified_gmt":"2019-03-13T10:17:20","slug":"%f0%9f%a7%b5%e2%9c%82%ef%b8%8fodwiedziny-u-pani-krawcowej%e2%9c%82%ef%b8%8f%f0%9f%a7%b5","status":"publish","type":"post","link":"http:\/\/akademia-przedszkolaka.net.pl\/nowy-sacz\/2019\/03\/13\/%f0%9f%a7%b5%e2%9c%82%ef%b8%8fodwiedziny-u-pani-krawcowej%e2%9c%82%ef%b8%8f%f0%9f%a7%b5\/","title":{"rendered":"\ud83e\uddf5\u2702\ufe0fOdwiedziny u pani krawcowej!\u2702\ufe0f\ud83e\uddf5"},"content":{"rendered":"<div class=\"\" data-block=\"true\" data-editor=\"e00j7\" data-offset-key=\"an508-0-0\">\n<div class=\"_1mf _1mj\" style=\"text-align: center\" data-offset-key=\"an508-0-0\"><\/div>\n<\/div>\n<div class=\"\" style=\"text-align: center\" data-block=\"true\" data-editor=\"e00j7\" data-offset-key=\"251ev-0-0\">\n<div class=\"_1mf _1mj\" data-offset-key=\"251ev-0-0\"><span data-offset-key=\"251ev-0-0\">W ubieg\u0142ym tygodniu nasze przedszkolaki zaw\u0119drowa\u0142y do pobliskiej firmy tekstylnej &#8222;Tera&#8221;, w kt\u00f3rej powita\u0142y ich panie krawcowe. Dzieci zobaczy\u0142y, jak wygl\u0105da pracownia krawiecka, w jaki spos\u00f3b pracuje maszyna do szycia, a tak\u017ce co mo\u017cna uszy\u0107 w takiej pracowni!<\/span><\/div>\n<\/div>\n<div class=\"\" data-block=\"true\" data-editor=\"e00j7\" data-offset-key=\"9kqoa-0-0\">\n<div class=\"_1mf _1mj\" style=\"text-align: center\" data-offset-key=\"9kqoa-0-0\"><span data-offset-key=\"9kqoa-0-0\">Dzi\u0119kujemy paniom krawcowym za wspania\u0142\u0105 wizyt\u0119 oraz ogromn\u0105 cierpliwo\u015b\u0107!<\/span><\/div>\n<div data-offset-key=\"9kqoa-0-0\">\n<div id='gallery-1' class='gallery galleryid-669 gallery-columns-3 gallery-size-thumbnail'><figure class='gallery-item'>\n\t\t\t<div class='gallery-icon landscape'>\n\t\t\t\t<a href='http:\/\/akademia-przedszkolaka.net.pl\/nowy-sacz\/wp-content\/uploads\/sites\/3\/2019\/03\/spotkanie-z-krawcow\u0105-1.jpg'><img width=\"150\" height=\"150\" src=\"http:\/\/akademia-przedszkolaka.net.pl\/nowy-sacz\/wp-content\/uploads\/sites\/3\/2019\/03\/spotkanie-z-krawcow\u0105-1-150x150.jpg\" class=\"attachment-thumbnail size-thumbnail\" alt=\"\" decoding=\"async\" loading=\"lazy\" srcset=\"http:\/\/akademia-przedszkolaka.net.pl\/nowy-sacz\/wp-content\/uploads\/sites\/3\/2019\/03\/spotkanie-z-krawcow\u0105-1-150x150.jpg 150w, http:\/\/akademia-przedszkolaka.net.pl\/nowy-sacz\/wp-content\/uploads\/sites\/3\/2019\/03\/spotkanie-z-krawcow\u0105-1-300x300.jpg 300w\" sizes=\"(max-width: 150px) 100vw, 150px\" \/><\/a>\n\t\t\t<\/div><\/figure><figure class='gallery-item'>\n\t\t\t<div class='gallery-icon landscape'>\n\t\t\t\t<a href='http:\/\/akademia-przedszkolaka.net.pl\/nowy-sacz\/wp-content\/uploads\/sites\/3\/2019\/03\/spotkanie-z-krawcow\u0105-2.jpg'><img width=\"150\" height=\"150\" src=\"http:\/\/akademia-przedszkolaka.net.pl\/nowy-sacz\/wp-content\/uploads\/sites\/3\/2019\/03\/spotkanie-z-krawcow\u0105-2-150x150.jpg\" class=\"attachment-thumbnail size-thumbnail\" alt=\"\" decoding=\"async\" loading=\"lazy\" srcset=\"http:\/\/akademia-przedszkolaka.net.pl\/nowy-sacz\/wp-content\/uploads\/sites\/3\/2019\/03\/spotkanie-z-krawcow\u0105-2-150x150.jpg 150w, http:\/\/akademia-przedszkolaka.net.pl\/nowy-sacz\/wp-content\/uploads\/sites\/3\/2019\/03\/spotkanie-z-krawcow\u0105-2-300x300.jpg 300w\" sizes=\"(max-width: 150px) 100vw, 150px\" \/><\/a>\n\t\t\t<\/div><\/figure><figure class='gallery-item'>\n\t\t\t<div class='gallery-icon landscape'>\n\t\t\t\t<a href='http:\/\/akademia-przedszkolaka.net.pl\/nowy-sacz\/wp-content\/uploads\/sites\/3\/2019\/03\/spotkanie-z-krawcow\u0105-3.jpg'><img width=\"150\" height=\"150\" src=\"http:\/\/akademia-przedszkolaka.net.pl\/nowy-sacz\/wp-content\/uploads\/sites\/3\/2019\/03\/spotkanie-z-krawcow\u0105-3-150x150.jpg\" class=\"attachment-thumbnail size-thumbnail\" alt=\"\" decoding=\"async\" loading=\"lazy\" srcset=\"http:\/\/akademia-przedszkolaka.net.pl\/nowy-sacz\/wp-content\/uploads\/sites\/3\/2019\/03\/spotkanie-z-krawcow\u0105-3-150x150.jpg 150w, http:\/\/akademia-przedszkolaka.net.pl\/nowy-sacz\/wp-content\/uploads\/sites\/3\/2019\/03\/spotkanie-z-krawcow\u0105-3-300x300.jpg 300w\" sizes=\"(max-width: 150px) 100vw, 150px\" \/><\/a>\n\t\t\t<\/div><\/figure><figure class='gallery-item'>\n\t\t\t<div class='gallery-icon landscape'>\n\t\t\t\t<a href='http:\/\/akademia-przedszkolaka.net.pl\/nowy-sacz\/wp-content\/uploads\/sites\/3\/2019\/03\/spotkanie-z-krawcow\u0105-4.jpg'><img width=\"150\" height=\"150\" src=\"http:\/\/akademia-przedszkolaka.net.pl\/nowy-sacz\/wp-content\/uploads\/sites\/3\/2019\/03\/spotkanie-z-krawcow\u0105-4-150x150.jpg\" class=\"attachment-thumbnail size-thumbnail\" alt=\"\" decoding=\"async\" loading=\"lazy\" srcset=\"http:\/\/akademia-przedszkolaka.net.pl\/nowy-sacz\/wp-content\/uploads\/sites\/3\/2019\/03\/spotkanie-z-krawcow\u0105-4-150x150.jpg 150w, http:\/\/akademia-przedszkolaka.net.pl\/nowy-sacz\/wp-content\/uploads\/sites\/3\/2019\/03\/spotkanie-z-krawcow\u0105-4-300x300.jpg 300w\" sizes=\"(max-width: 150px) 100vw, 150px\" \/><\/a>\n\t\t\t<\/div><\/figure><figure class='gallery-item'>\n\t\t\t<div class='gallery-icon landscape'>\n\t\t\t\t<a href='http:\/\/akademia-przedszkolaka.net.pl\/nowy-sacz\/wp-content\/uploads\/sites\/3\/2019\/03\/spotkanie-z-krawcow\u0105-5.jpg'><img width=\"150\" height=\"150\" src=\"http:\/\/akademia-przedszkolaka.net.pl\/nowy-sacz\/wp-content\/uploads\/sites\/3\/2019\/03\/spotkanie-z-krawcow\u0105-5-150x150.jpg\" class=\"attachment-thumbnail size-thumbnail\" alt=\"\" decoding=\"async\" loading=\"lazy\" srcset=\"http:\/\/akademia-przedszkolaka.net.pl\/nowy-sacz\/wp-content\/uploads\/sites\/3\/2019\/03\/spotkanie-z-krawcow\u0105-5-150x150.jpg 150w, http:\/\/akademia-przedszkolaka.net.pl\/nowy-sacz\/wp-content\/uploads\/sites\/3\/2019\/03\/spotkanie-z-krawcow\u0105-5-300x300.jpg 300w\" sizes=\"(max-width: 150px) 100vw, 150px\" \/><\/a>\n\t\t\t<\/div><\/figure>\n\t\t<\/div>\n\n<\/div>\n<\/div>\n","protected":false},"excerpt":{"rendered":"<p>W ubieg\u0142ym tygodniu nasze przedszkolaki zaw\u0119drowa\u0142y do pobliskiej firmy tekstylnej &#8222;Tera&#8221;, w kt\u00f3rej powita\u0142y ich panie krawcowe. Dzieci zobaczy\u0142y, jak wygl\u0105da pracownia krawiecka, w jaki spos\u00f3b pracuje maszyna do szycia, a tak\u017ce co mo\u017cna uszy\u0107 w takiej pracowni! Dzi\u0119kujemy paniom krawcowym za wspania\u0142\u0105 wizyt\u0119 oraz ogromn\u0105 cierpliwo\u015b\u0107!<\/p>\n","protected":false},"author":2,"featured_media":675,"comment_status":"closed","ping_status":"closed","sticky":false,"template":"","format":"standard","meta":[],"categories":[1],"tags":[],"_links":{"self":[{"href":"http:\/\/akademia-przedszkolaka.net.pl\/nowy-sacz\/wp-json\/wp\/v2\/posts\/669"}],"collection":[{"href":"http:\/\/akademia-przedszkolaka.net.pl\/nowy-sacz\/wp-json\/wp\/v2\/posts"}],"about":[{"href":"http:\/\/akademia-przedszkolaka.net.pl\/nowy-sacz\/wp-json\/wp\/v2\/types\/post"}],"author":[{"embeddable":true,"href":"http:\/\/akademia-przedszkolaka.net.pl\/nowy-sacz\/wp-json\/wp\/v2\/users\/2"}],"replies":[{"embeddable":true,"href":"http:\/\/akademia-przedszkolaka.net.pl\/nowy-sacz\/wp-json\/wp\/v2\/comments?post=669"}],"version-history":[{"count":2,"href":"http:\/\/akademia-przedszkolaka.net.pl\/nowy-sacz\/wp-json\/wp\/v2\/posts\/669\/revisions"}],"predecessor-version":[{"id":677,"href":"http:\/\/akademia-przedszkolaka.net.pl\/nowy-sacz\/wp-json\/wp\/v2\/posts\/669\/revisions\/677"}],"wp:featuredmedia":[{"embeddable":true,"href":"http:\/\/akademia-przedszkolaka.net.pl\/nowy-sacz\/wp-json\/wp\/v2\/media\/675"}],"wp:attachment":[{"href":"http:\/\/akademia-przedszkolaka.net.pl\/nowy-sacz\/wp-json\/wp\/v2\/media?parent=669"}],"wp:term":[{"taxonomy":"category","embeddable":true,"href":"http:\/\/akademia-przedszkolaka.net.pl\/nowy-sacz\/wp-json\/wp\/v2\/categories?post=669"},{"taxonomy":"post_tag","embeddable":true,"href":"http:\/\/akademia-przedszkolaka.net.pl\/nowy-sacz\/wp-json\/wp\/v2\/tags?post=669"}],"curies":[{"name":"wp","href":"https:\/\/api.w.org\/{rel}","templated":true}]}}