{"id":644,"date":"2019-03-01T19:26:58","date_gmt":"2019-03-01T18:26:58","guid":{"rendered":"http:\/\/akademia-przedszkolaka.net.pl\/nowy-sacz\/?p=644"},"modified":"2019-03-01T19:29:06","modified_gmt":"2019-03-01T18:29:06","slug":"%f0%9f%8e%8abal-karnawalowy-%f0%9f%8e%8a","status":"publish","type":"post","link":"http:\/\/akademia-przedszkolaka.net.pl\/nowy-sacz\/2019\/03\/01\/%f0%9f%8e%8abal-karnawalowy-%f0%9f%8e%8a\/","title":{"rendered":"\ud83c\udf8aBal karnawa\u0142owy! \ud83c\udf8a"},"content":{"rendered":"<div class=\"\" data-block=\"true\" data-editor=\"djh1c\" data-offset-key=\"ec4i1-0-0\">\n<div class=\"_1mf _1mj\" data-offset-key=\"ec4i1-0-0\"><\/div>\n<\/div>\n<div class=\"\" data-block=\"true\" data-editor=\"djh1c\" data-offset-key=\"3um77-0-0\">\n<div class=\"_1mf _1mj\" data-offset-key=\"3um77-0-0\"><span data-offset-key=\"3um77-0-0\"><span data-offset-key=\"3um77-0-0\">Kr\u00f3tka fotorelacja z naszego balu!<br \/>\nW przedszkolu pojawi\u0142o si\u0119 mn\u00f3stwo niesamowitych postaci, m.in. ksi\u0119\u017cniczki , spider-man, rycerze, \u017co\u0142nierze, wr\u00f3\u017cki, stra\u017cacy oraz wiele r\u00f3\u017cnych zwierz\u0105t. Dzieci bawi\u0142y si\u0119, skaka\u0142y, ta\u0144czy\u0142y przez d\u0142ugi czas! W trakcie zabawy pan Wodzirej zorganizowa\u0142 wspania\u0142e konkursy, natomiast w przerwie dzieci zosta\u0142y pocz\u0119stowane pysznymi p\u0105czkami. W dw\u00f3ch p\u0105czkach zosta\u0142y ukryte niespodzianki &#8211; twarde cukierki, dzi\u0119ki kt\u00f3rym wy\u0142onili\u015bmy Kr\u00f3la P\u0105czkowego i Kr\u00f3low\u0105 P\u0105czkow\u0105!<\/span><\/span><div id='gallery-1' class='gallery galleryid-644 gallery-columns-3 gallery-size-thumbnail'><figure class='gallery-item'>\n\t\t\t<div class='gallery-icon landscape'>\n\t\t\t\t<a href='http:\/\/akademia-przedszkolaka.net.pl\/nowy-sacz\/wp-content\/uploads\/sites\/3\/2019\/03\/bal-karnawa\u0142owy-1.jpg'><img width=\"150\" height=\"150\" src=\"http:\/\/akademia-przedszkolaka.net.pl\/nowy-sacz\/wp-content\/uploads\/sites\/3\/2019\/03\/bal-karnawa\u0142owy-1-150x150.jpg\" class=\"attachment-thumbnail size-thumbnail\" alt=\"\" decoding=\"async\" loading=\"lazy\" srcset=\"http:\/\/akademia-przedszkolaka.net.pl\/nowy-sacz\/wp-content\/uploads\/sites\/3\/2019\/03\/bal-karnawa\u0142owy-1-150x150.jpg 150w, http:\/\/akademia-przedszkolaka.net.pl\/nowy-sacz\/wp-content\/uploads\/sites\/3\/2019\/03\/bal-karnawa\u0142owy-1-300x300.jpg 300w\" sizes=\"(max-width: 150px) 100vw, 150px\" \/><\/a>\n\t\t\t<\/div><\/figure><figure class='gallery-item'>\n\t\t\t<div class='gallery-icon landscape'>\n\t\t\t\t<a href='http:\/\/akademia-przedszkolaka.net.pl\/nowy-sacz\/wp-content\/uploads\/sites\/3\/2019\/03\/bal-karnawa\u0142owy-2.jpg'><img width=\"150\" height=\"150\" src=\"http:\/\/akademia-przedszkolaka.net.pl\/nowy-sacz\/wp-content\/uploads\/sites\/3\/2019\/03\/bal-karnawa\u0142owy-2-150x150.jpg\" class=\"attachment-thumbnail size-thumbnail\" alt=\"\" decoding=\"async\" loading=\"lazy\" srcset=\"http:\/\/akademia-przedszkolaka.net.pl\/nowy-sacz\/wp-content\/uploads\/sites\/3\/2019\/03\/bal-karnawa\u0142owy-2-150x150.jpg 150w, http:\/\/akademia-przedszkolaka.net.pl\/nowy-sacz\/wp-content\/uploads\/sites\/3\/2019\/03\/bal-karnawa\u0142owy-2-300x300.jpg 300w\" sizes=\"(max-width: 150px) 100vw, 150px\" \/><\/a>\n\t\t\t<\/div><\/figure><figure class='gallery-item'>\n\t\t\t<div class='gallery-icon landscape'>\n\t\t\t\t<a href='http:\/\/akademia-przedszkolaka.net.pl\/nowy-sacz\/wp-content\/uploads\/sites\/3\/2019\/03\/bal-karnawa\u0142owy-21.jpg'><img width=\"150\" height=\"150\" src=\"http:\/\/akademia-przedszkolaka.net.pl\/nowy-sacz\/wp-content\/uploads\/sites\/3\/2019\/03\/bal-karnawa\u0142owy-21-150x150.jpg\" class=\"attachment-thumbnail size-thumbnail\" alt=\"\" decoding=\"async\" loading=\"lazy\" srcset=\"http:\/\/akademia-przedszkolaka.net.pl\/nowy-sacz\/wp-content\/uploads\/sites\/3\/2019\/03\/bal-karnawa\u0142owy-21-150x150.jpg 150w, http:\/\/akademia-przedszkolaka.net.pl\/nowy-sacz\/wp-content\/uploads\/sites\/3\/2019\/03\/bal-karnawa\u0142owy-21-300x300.jpg 300w\" sizes=\"(max-width: 150px) 100vw, 150px\" \/><\/a>\n\t\t\t<\/div><\/figure><figure class='gallery-item'>\n\t\t\t<div class='gallery-icon landscape'>\n\t\t\t\t<a href='http:\/\/akademia-przedszkolaka.net.pl\/nowy-sacz\/wp-content\/uploads\/sites\/3\/2019\/03\/bal-karnawa\u0142owy-22.jpg'><img width=\"150\" height=\"150\" src=\"http:\/\/akademia-przedszkolaka.net.pl\/nowy-sacz\/wp-content\/uploads\/sites\/3\/2019\/03\/bal-karnawa\u0142owy-22-150x150.jpg\" class=\"attachment-thumbnail size-thumbnail\" alt=\"\" decoding=\"async\" loading=\"lazy\" srcset=\"http:\/\/akademia-przedszkolaka.net.pl\/nowy-sacz\/wp-content\/uploads\/sites\/3\/2019\/03\/bal-karnawa\u0142owy-22-150x150.jpg 150w, http:\/\/akademia-przedszkolaka.net.pl\/nowy-sacz\/wp-content\/uploads\/sites\/3\/2019\/03\/bal-karnawa\u0142owy-22-300x300.jpg 300w\" sizes=\"(max-width: 150px) 100vw, 150px\" \/><\/a>\n\t\t\t<\/div><\/figure><figure class='gallery-item'>\n\t\t\t<div class='gallery-icon landscape'>\n\t\t\t\t<a href='http:\/\/akademia-przedszkolaka.net.pl\/nowy-sacz\/wp-content\/uploads\/sites\/3\/2019\/03\/bal-karnawa\u0142owy.jpg'><img width=\"150\" height=\"150\" src=\"http:\/\/akademia-przedszkolaka.net.pl\/nowy-sacz\/wp-content\/uploads\/sites\/3\/2019\/03\/bal-karnawa\u0142owy-150x150.jpg\" class=\"attachment-thumbnail size-thumbnail\" alt=\"\" decoding=\"async\" loading=\"lazy\" srcset=\"http:\/\/akademia-przedszkolaka.net.pl\/nowy-sacz\/wp-content\/uploads\/sites\/3\/2019\/03\/bal-karnawa\u0142owy-150x150.jpg 150w, http:\/\/akademia-przedszkolaka.net.pl\/nowy-sacz\/wp-content\/uploads\/sites\/3\/2019\/03\/bal-karnawa\u0142owy-300x300.jpg 300w\" sizes=\"(max-width: 150px) 100vw, 150px\" \/><\/a>\n\t\t\t<\/div><\/figure><figure class='gallery-item'>\n\t\t\t<div class='gallery-icon landscape'>\n\t\t\t\t<a href='http:\/\/akademia-przedszkolaka.net.pl\/nowy-sacz\/wp-content\/uploads\/sites\/3\/2019\/03\/bal-karnawa\u0142owy1.jpg'><img width=\"150\" height=\"150\" src=\"http:\/\/akademia-przedszkolaka.net.pl\/nowy-sacz\/wp-content\/uploads\/sites\/3\/2019\/03\/bal-karnawa\u0142owy1-150x150.jpg\" class=\"attachment-thumbnail size-thumbnail\" alt=\"\" decoding=\"async\" loading=\"lazy\" srcset=\"http:\/\/akademia-przedszkolaka.net.pl\/nowy-sacz\/wp-content\/uploads\/sites\/3\/2019\/03\/bal-karnawa\u0142owy1-150x150.jpg 150w, http:\/\/akademia-przedszkolaka.net.pl\/nowy-sacz\/wp-content\/uploads\/sites\/3\/2019\/03\/bal-karnawa\u0142owy1-300x300.jpg 300w\" sizes=\"(max-width: 150px) 100vw, 150px\" \/><\/a>\n\t\t\t<\/div><\/figure><figure class='gallery-item'>\n\t\t\t<div class='gallery-icon landscape'>\n\t\t\t\t<a href='http:\/\/akademia-przedszkolaka.net.pl\/nowy-sacz\/wp-content\/uploads\/sites\/3\/2019\/03\/bal-karnawa\u0142owy2.jpg'><img width=\"150\" height=\"150\" src=\"http:\/\/akademia-przedszkolaka.net.pl\/nowy-sacz\/wp-content\/uploads\/sites\/3\/2019\/03\/bal-karnawa\u0142owy2-150x150.jpg\" class=\"attachment-thumbnail size-thumbnail\" alt=\"\" decoding=\"async\" loading=\"lazy\" srcset=\"http:\/\/akademia-przedszkolaka.net.pl\/nowy-sacz\/wp-content\/uploads\/sites\/3\/2019\/03\/bal-karnawa\u0142owy2-150x150.jpg 150w, http:\/\/akademia-przedszkolaka.net.pl\/nowy-sacz\/wp-content\/uploads\/sites\/3\/2019\/03\/bal-karnawa\u0142owy2-300x300.jpg 300w\" sizes=\"(max-width: 150px) 100vw, 150px\" \/><\/a>\n\t\t\t<\/div><\/figure><figure class='gallery-item'>\n\t\t\t<div class='gallery-icon landscape'>\n\t\t\t\t<a href='http:\/\/akademia-przedszkolaka.net.pl\/nowy-sacz\/wp-content\/uploads\/sites\/3\/2019\/03\/bal-karnawa\u0142owy3.jpg'><img width=\"150\" height=\"150\" src=\"http:\/\/akademia-przedszkolaka.net.pl\/nowy-sacz\/wp-content\/uploads\/sites\/3\/2019\/03\/bal-karnawa\u0142owy3-150x150.jpg\" class=\"attachment-thumbnail size-thumbnail\" alt=\"\" decoding=\"async\" loading=\"lazy\" srcset=\"http:\/\/akademia-przedszkolaka.net.pl\/nowy-sacz\/wp-content\/uploads\/sites\/3\/2019\/03\/bal-karnawa\u0142owy3-150x150.jpg 150w, http:\/\/akademia-przedszkolaka.net.pl\/nowy-sacz\/wp-content\/uploads\/sites\/3\/2019\/03\/bal-karnawa\u0142owy3-300x300.jpg 300w\" sizes=\"(max-width: 150px) 100vw, 150px\" \/><\/a>\n\t\t\t<\/div><\/figure>\n\t\t<\/div>\n<\/p>\n<!--[if lt IE 9]><script>document.createElement('video');<\/script><![endif]-->\n\t<div class=\"wp-playlist wp-video-playlist wp-playlist-light\">\n\t\t<video controls=\"controls\" preload=\"none\" width=\"618\"\n\t\t height=\"355\"\t><\/video>\n\t<div class=\"wp-playlist-next\"><\/div>\n\t<div class=\"wp-playlist-prev\"><\/div>\n\t<noscript>\n\t<ol>\n\t\t<li><a href='http:\/\/akademia-przedszkolaka.net.pl\/nowy-sacz\/wp-content\/uploads\/sites\/3\/2019\/03\/video-1551268399.mp4'>video-1551268399<\/a><\/li><li><a href='http:\/\/akademia-przedszkolaka.net.pl\/nowy-sacz\/wp-content\/uploads\/sites\/3\/2019\/03\/kr\u00f3l-i-kr\u00f3lowa-online-video-cutter.com_.mp4'>kr\u00f3l i kr\u00f3lowa (online-video-cutter.com)<\/a><\/li><li><a href='http:\/\/akademia-przedszkolaka.net.pl\/nowy-sacz\/wp-content\/uploads\/sites\/3\/2019\/03\/video-1551268727-online-video-cutter.com_.mp4'>video-1551268727 (online-video-cutter.com)<\/a><\/li><li><a href='http:\/\/akademia-przedszkolaka.net.pl\/nowy-sacz\/wp-content\/uploads\/sites\/3\/2019\/03\/bal-2-online-video-cutter.com-3.mp4'>bal 2 (online-video-cutter.com) (3)<\/a><\/li>\t<\/ol>\n\t<\/noscript>\n\t<script type=\"application\/json\" class=\"wp-playlist-script\">{\"type\":\"video\",\"tracklist\":true,\"tracknumbers\":true,\"images\":true,\"artists\":true,\"tracks\":[{\"src\":\"http:\\\/\\\/akademia-przedszkolaka.net.pl\\\/nowy-sacz\\\/wp-content\\\/uploads\\\/sites\\\/3\\\/2019\\\/03\\\/video-1551268399.mp4\",\"type\":\"video\\\/mp4\",\"title\":\"video-1551268399\",\"caption\":\"\",\"description\":\"\",\"meta\":{\"length_formatted\":\"0:59\"},\"dimensions\":{\"original\":{\"width\":640,\"height\":368},\"resized\":{\"width\":618,\"height\":355}},\"image\":{\"src\":\"http:\\\/\\\/akademia-przedszkolaka.net.pl\\\/nowy-sacz\\\/wp-includes\\\/images\\\/media\\\/video.png\",\"width\":48,\"height\":64},\"thumb\":{\"src\":\"http:\\\/\\\/akademia-przedszkolaka.net.pl\\\/nowy-sacz\\\/wp-includes\\\/images\\\/media\\\/video.png\",\"width\":48,\"height\":64}},{\"src\":\"http:\\\/\\\/akademia-przedszkolaka.net.pl\\\/nowy-sacz\\\/wp-content\\\/uploads\\\/sites\\\/3\\\/2019\\\/03\\\/kr\\u00f3l-i-kr\\u00f3lowa-online-video-cutter.com_.mp4\",\"type\":\"video\\\/mp4\",\"title\":\"kr\\u00f3l i kr\\u00f3lowa (online-video-cutter.com)\",\"caption\":\"\",\"description\":\"\",\"meta\":{\"length_formatted\":\"0:19\"},\"dimensions\":{\"original\":{\"width\":640,\"height\":368},\"resized\":{\"width\":618,\"height\":355}},\"image\":{\"src\":\"http:\\\/\\\/akademia-przedszkolaka.net.pl\\\/nowy-sacz\\\/wp-includes\\\/images\\\/media\\\/video.png\",\"width\":48,\"height\":64},\"thumb\":{\"src\":\"http:\\\/\\\/akademia-przedszkolaka.net.pl\\\/nowy-sacz\\\/wp-includes\\\/images\\\/media\\\/video.png\",\"width\":48,\"height\":64}},{\"src\":\"http:\\\/\\\/akademia-przedszkolaka.net.pl\\\/nowy-sacz\\\/wp-content\\\/uploads\\\/sites\\\/3\\\/2019\\\/03\\\/video-1551268727-online-video-cutter.com_.mp4\",\"type\":\"video\\\/mp4\",\"title\":\"video-1551268727 (online-video-cutter.com)\",\"caption\":\"\",\"description\":\"\",\"meta\":{\"length_formatted\":\"0:49\"},\"dimensions\":{\"original\":{\"width\":640,\"height\":368},\"resized\":{\"width\":618,\"height\":355}},\"image\":{\"src\":\"http:\\\/\\\/akademia-przedszkolaka.net.pl\\\/nowy-sacz\\\/wp-includes\\\/images\\\/media\\\/video.png\",\"width\":48,\"height\":64},\"thumb\":{\"src\":\"http:\\\/\\\/akademia-przedszkolaka.net.pl\\\/nowy-sacz\\\/wp-includes\\\/images\\\/media\\\/video.png\",\"width\":48,\"height\":64}},{\"src\":\"http:\\\/\\\/akademia-przedszkolaka.net.pl\\\/nowy-sacz\\\/wp-content\\\/uploads\\\/sites\\\/3\\\/2019\\\/03\\\/bal-2-online-video-cutter.com-3.mp4\",\"type\":\"video\\\/mp4\",\"title\":\"bal 2 (online-video-cutter.com) (3)\",\"caption\":\"\",\"description\":\"\",\"meta\":{\"length_formatted\":\"0:51\"},\"dimensions\":{\"original\":{\"width\":640,\"height\":368},\"resized\":{\"width\":618,\"height\":355}},\"image\":{\"src\":\"http:\\\/\\\/akademia-przedszkolaka.net.pl\\\/nowy-sacz\\\/wp-includes\\\/images\\\/media\\\/video.png\",\"width\":48,\"height\":64},\"thumb\":{\"src\":\"http:\\\/\\\/akademia-przedszkolaka.net.pl\\\/nowy-sacz\\\/wp-includes\\\/images\\\/media\\\/video.png\",\"width\":48,\"height\":64}}]}<\/script>\n<\/div>\n\t\n<\/div>\n<\/div>\n","protected":false},"excerpt":{"rendered":"<p>Kr\u00f3tka fotorelacja z naszego balu! W przedszkolu pojawi\u0142o si\u0119 mn\u00f3stwo niesamowitych postaci, m.in. ksi\u0119\u017cniczki , spider-man, rycerze, \u017co\u0142nierze, wr\u00f3\u017cki, stra\u017cacy oraz wiele r\u00f3\u017cnych zwierz\u0105t. Dzieci bawi\u0142y si\u0119, skaka\u0142y, ta\u0144czy\u0142y przez d\u0142ugi czas! W trakcie zabawy pan Wodzirej zorganizowa\u0142 wspania\u0142e konkursy, natomiast w przerwie dzieci zosta\u0142y pocz\u0119stowane pysznymi p\u0105czkami. W dw\u00f3ch p\u0105czkach zosta\u0142y ukryte niespodzianki &#8211;&#8230;<\/p>\n","protected":false},"author":2,"featured_media":660,"comment_status":"closed","ping_status":"closed","sticky":false,"template":"","format":"standard","meta":[],"categories":[1],"tags":[],"_links":{"self":[{"href":"http:\/\/akademia-przedszkolaka.net.pl\/nowy-sacz\/wp-json\/wp\/v2\/posts\/644"}],"collection":[{"href":"http:\/\/akademia-przedszkolaka.net.pl\/nowy-sacz\/wp-json\/wp\/v2\/posts"}],"about":[{"href":"http:\/\/akademia-przedszkolaka.net.pl\/nowy-sacz\/wp-json\/wp\/v2\/types\/post"}],"author":[{"embeddable":true,"href":"http:\/\/akademia-przedszkolaka.net.pl\/nowy-sacz\/wp-json\/wp\/v2\/users\/2"}],"replies":[{"embeddable":true,"href":"http:\/\/akademia-przedszkolaka.net.pl\/nowy-sacz\/wp-json\/wp\/v2\/comments?post=644"}],"version-history":[{"count":3,"href":"http:\/\/akademia-przedszkolaka.net.pl\/nowy-sacz\/wp-json\/wp\/v2\/posts\/644\/revisions"}],"predecessor-version":[{"id":661,"href":"http:\/\/akademia-przedszkolaka.net.pl\/nowy-sacz\/wp-json\/wp\/v2\/posts\/644\/revisions\/661"}],"wp:featuredmedia":[{"embeddable":true,"href":"http:\/\/akademia-przedszkolaka.net.pl\/nowy-sacz\/wp-json\/wp\/v2\/media\/660"}],"wp:attachment":[{"href":"http:\/\/akademia-przedszkolaka.net.pl\/nowy-sacz\/wp-json\/wp\/v2\/media?parent=644"}],"wp:term":[{"taxonomy":"category","embeddable":true,"href":"http:\/\/akademia-przedszkolaka.net.pl\/nowy-sacz\/wp-json\/wp\/v2\/categories?post=644"},{"taxonomy":"post_tag","embeddable":true,"href":"http:\/\/akademia-przedszkolaka.net.pl\/nowy-sacz\/wp-json\/wp\/v2\/tags?post=644"}],"curies":[{"name":"wp","href":"https:\/\/api.w.org\/{rel}","templated":true}]}}