{"id":618,"date":"2019-02-19T08:46:03","date_gmt":"2019-02-19T07:46:03","guid":{"rendered":"http:\/\/akademia-przedszkolaka.net.pl\/nowy-sacz\/?p=618"},"modified":"2019-02-19T08:46:03","modified_gmt":"2019-02-19T07:46:03","slug":"%f0%9f%a7%81-%f0%9f%a7%81-pieczemy-babeczki-%f0%9f%a7%81-%f0%9f%a7%81","status":"publish","type":"post","link":"http:\/\/akademia-przedszkolaka.net.pl\/nowy-sacz\/2019\/02\/19\/%f0%9f%a7%81-%f0%9f%a7%81-pieczemy-babeczki-%f0%9f%a7%81-%f0%9f%a7%81\/","title":{"rendered":"\ud83e\uddc1 \ud83e\uddc1 Pieczemy babeczki! \ud83e\uddc1 \ud83e\uddc1"},"content":{"rendered":"<div class=\"\" data-block=\"true\" data-editor=\"fqi3o\" data-offset-key=\"cmc3n-0-0\">\n<div class=\"_1mf _1mj\" data-offset-key=\"cmc3n-0-0\"><\/div>\n<\/div>\n<div class=\"\" data-block=\"true\" data-editor=\"fqi3o\" data-offset-key=\"3ssjk-0-0\">\n<div class=\"_1mf _1mj\" data-offset-key=\"3ssjk-0-0\"><span data-offset-key=\"3ssjk-0-0\"><span data-offset-key=\"3ssjk-0-0\">Nasi m\u0142odzi cukiernicy w trakcie ostatnich warsztat\u00f3w kulinarnych upiekli fantastyczne babeczki! Prawie samodzielnie odmierzali potrzebne produkty, mieszali sk\u0142adniki i nak\u0142adali do specjalnych silikonowych pojemniczk\u00f3w. Upiek\u0142y si\u0119 wspania\u0142e, pyszne muffinki. Po przedszkolu unosi\u0142 si\u0119 niesamowity, smakowity zapach! Wszystkim bardzo smakowa\u0142o!<\/span><\/span><div id='gallery-1' class='gallery galleryid-618 gallery-columns-3 gallery-size-thumbnail'><figure class='gallery-item'>\n\t\t\t<div class='gallery-icon landscape'>\n\t\t\t\t<a href='http:\/\/akademia-przedszkolaka.net.pl\/nowy-sacz\/wp-content\/uploads\/sites\/3\/2019\/02\/Kola\u017ce.jpg'><img width=\"150\" height=\"150\" src=\"http:\/\/akademia-przedszkolaka.net.pl\/nowy-sacz\/wp-content\/uploads\/sites\/3\/2019\/02\/Kola\u017ce-150x150.jpg\" class=\"attachment-thumbnail size-thumbnail\" alt=\"\" decoding=\"async\" loading=\"lazy\" srcset=\"http:\/\/akademia-przedszkolaka.net.pl\/nowy-sacz\/wp-content\/uploads\/sites\/3\/2019\/02\/Kola\u017ce-150x150.jpg 150w, http:\/\/akademia-przedszkolaka.net.pl\/nowy-sacz\/wp-content\/uploads\/sites\/3\/2019\/02\/Kola\u017ce-300x300.jpg 300w\" sizes=\"(max-width: 150px) 100vw, 150px\" \/><\/a>\n\t\t\t<\/div><\/figure><figure class='gallery-item'>\n\t\t\t<div class='gallery-icon landscape'>\n\t\t\t\t<a href='http:\/\/akademia-przedszkolaka.net.pl\/nowy-sacz\/wp-content\/uploads\/sites\/3\/2019\/02\/Kola\u017ce1.jpg'><img width=\"150\" height=\"150\" src=\"http:\/\/akademia-przedszkolaka.net.pl\/nowy-sacz\/wp-content\/uploads\/sites\/3\/2019\/02\/Kola\u017ce1-150x150.jpg\" class=\"attachment-thumbnail size-thumbnail\" alt=\"\" decoding=\"async\" loading=\"lazy\" srcset=\"http:\/\/akademia-przedszkolaka.net.pl\/nowy-sacz\/wp-content\/uploads\/sites\/3\/2019\/02\/Kola\u017ce1-150x150.jpg 150w, http:\/\/akademia-przedszkolaka.net.pl\/nowy-sacz\/wp-content\/uploads\/sites\/3\/2019\/02\/Kola\u017ce1-300x300.jpg 300w\" sizes=\"(max-width: 150px) 100vw, 150px\" \/><\/a>\n\t\t\t<\/div><\/figure><figure class='gallery-item'>\n\t\t\t<div class='gallery-icon landscape'>\n\t\t\t\t<a href='http:\/\/akademia-przedszkolaka.net.pl\/nowy-sacz\/wp-content\/uploads\/sites\/3\/2019\/02\/kulinarne-2019.02.jpg'><img width=\"150\" height=\"150\" src=\"http:\/\/akademia-przedszkolaka.net.pl\/nowy-sacz\/wp-content\/uploads\/sites\/3\/2019\/02\/kulinarne-2019.02-150x150.jpg\" class=\"attachment-thumbnail size-thumbnail\" alt=\"\" decoding=\"async\" loading=\"lazy\" srcset=\"http:\/\/akademia-przedszkolaka.net.pl\/nowy-sacz\/wp-content\/uploads\/sites\/3\/2019\/02\/kulinarne-2019.02-150x150.jpg 150w, http:\/\/akademia-przedszkolaka.net.pl\/nowy-sacz\/wp-content\/uploads\/sites\/3\/2019\/02\/kulinarne-2019.02-300x300.jpg 300w\" sizes=\"(max-width: 150px) 100vw, 150px\" \/><\/a>\n\t\t\t<\/div><\/figure>\n\t\t<\/div>\n<\/p>\n<\/div>\n<\/div>\n","protected":false},"excerpt":{"rendered":"<p>Nasi m\u0142odzi cukiernicy w trakcie ostatnich warsztat\u00f3w kulinarnych upiekli fantastyczne babeczki! Prawie samodzielnie odmierzali potrzebne produkty, mieszali sk\u0142adniki i nak\u0142adali do specjalnych silikonowych pojemniczk\u00f3w. Upiek\u0142y si\u0119 wspania\u0142e, pyszne muffinki. Po przedszkolu unosi\u0142 si\u0119 niesamowity, smakowity zapach! Wszystkim bardzo smakowa\u0142o!<\/p>\n","protected":false},"author":2,"featured_media":624,"comment_status":"closed","ping_status":"closed","sticky":false,"template":"","format":"standard","meta":[],"categories":[1],"tags":[],"_links":{"self":[{"href":"http:\/\/akademia-przedszkolaka.net.pl\/nowy-sacz\/wp-json\/wp\/v2\/posts\/618"}],"collection":[{"href":"http:\/\/akademia-przedszkolaka.net.pl\/nowy-sacz\/wp-json\/wp\/v2\/posts"}],"about":[{"href":"http:\/\/akademia-przedszkolaka.net.pl\/nowy-sacz\/wp-json\/wp\/v2\/types\/post"}],"author":[{"embeddable":true,"href":"http:\/\/akademia-przedszkolaka.net.pl\/nowy-sacz\/wp-json\/wp\/v2\/users\/2"}],"replies":[{"embeddable":true,"href":"http:\/\/akademia-przedszkolaka.net.pl\/nowy-sacz\/wp-json\/wp\/v2\/comments?post=618"}],"version-history":[{"count":2,"href":"http:\/\/akademia-przedszkolaka.net.pl\/nowy-sacz\/wp-json\/wp\/v2\/posts\/618\/revisions"}],"predecessor-version":[{"id":623,"href":"http:\/\/akademia-przedszkolaka.net.pl\/nowy-sacz\/wp-json\/wp\/v2\/posts\/618\/revisions\/623"}],"wp:featuredmedia":[{"embeddable":true,"href":"http:\/\/akademia-przedszkolaka.net.pl\/nowy-sacz\/wp-json\/wp\/v2\/media\/624"}],"wp:attachment":[{"href":"http:\/\/akademia-przedszkolaka.net.pl\/nowy-sacz\/wp-json\/wp\/v2\/media?parent=618"}],"wp:term":[{"taxonomy":"category","embeddable":true,"href":"http:\/\/akademia-przedszkolaka.net.pl\/nowy-sacz\/wp-json\/wp\/v2\/categories?post=618"},{"taxonomy":"post_tag","embeddable":true,"href":"http:\/\/akademia-przedszkolaka.net.pl\/nowy-sacz\/wp-json\/wp\/v2\/tags?post=618"}],"curies":[{"name":"wp","href":"https:\/\/api.w.org\/{rel}","templated":true}]}}