{"id":606,"date":"2019-02-18T12:11:52","date_gmt":"2019-02-18T11:11:52","guid":{"rendered":"http:\/\/akademia-przedszkolaka.net.pl\/nowy-sacz\/?p=606"},"modified":"2019-02-18T12:24:18","modified_gmt":"2019-02-18T11:24:18","slug":"%f0%9f%92%95walentynki-w-akademii-przedszkolaka%f0%9f%92%95","status":"publish","type":"post","link":"http:\/\/akademia-przedszkolaka.net.pl\/nowy-sacz\/2019\/02\/18\/%f0%9f%92%95walentynki-w-akademii-przedszkolaka%f0%9f%92%95\/","title":{"rendered":"\ud83d\udc95Walentynki w Akademii Przedszkolaka!\ud83d\udc95"},"content":{"rendered":"<div class=\"\" data-block=\"true\" data-editor=\"fg6i6\" data-offset-key=\"a4s24-0-0\">\n<div class=\"_1mf _1mj\" data-offset-key=\"a4s24-0-0\"><\/div>\n<\/div>\n<div class=\"\" data-block=\"true\" data-editor=\"fg6i6\" data-offset-key=\"9m3ei-0-0\">\n<div class=\"_1mf _1mj\" data-offset-key=\"9m3ei-0-0\"><span data-offset-key=\"9m3ei-0-0\">W miniony czwartek w naszym przedszkolu zrobi\u0142o si\u0119 niesamowicie czerwono! Nasze przedszkolaki przyby\u0142y na walentynkow\u0105 zabaw\u0119. Ka\u017cdy przedszkolak mia\u0142 na sobie ubranie w czerwonym kolorze, a w przedszkolu pojawi\u0142o si\u0119 mn\u00f3stwo pi\u0119knych, czerwonych serc. Dzieci <\/span><span class=\"_3yzm\" data-offset-key=\"9m3ei-1-0\"><span class=\"_2k9q\"><span data-offset-key=\"9m3ei-1-0\">\u015bwietnie<\/span><\/span><\/span><span data-offset-key=\"9m3ei-2-0\"> si\u0119 bawi\u0142y, rozda\u0142y tak\u017ce wykonane przez siebie papierowe serca wszystkim pracownikom przedszkola!<\/span><\/div>\n<\/div>\n<div data-offset-key=\"9m3ei-0-0\">\n<div id='gallery-1' class='gallery galleryid-606 gallery-columns-3 gallery-size-thumbnail'><figure class='gallery-item'>\n\t\t\t<div class='gallery-icon landscape'>\n\t\t\t\t<a href='http:\/\/akademia-przedszkolaka.net.pl\/nowy-sacz\/wp-content\/uploads\/sites\/3\/2019\/02\/walentynki.jpg'><img width=\"150\" height=\"150\" src=\"http:\/\/akademia-przedszkolaka.net.pl\/nowy-sacz\/wp-content\/uploads\/sites\/3\/2019\/02\/walentynki-150x150.jpg\" class=\"attachment-thumbnail size-thumbnail\" alt=\"\" decoding=\"async\" loading=\"lazy\" srcset=\"http:\/\/akademia-przedszkolaka.net.pl\/nowy-sacz\/wp-content\/uploads\/sites\/3\/2019\/02\/walentynki-150x150.jpg 150w, http:\/\/akademia-przedszkolaka.net.pl\/nowy-sacz\/wp-content\/uploads\/sites\/3\/2019\/02\/walentynki-300x300.jpg 300w\" sizes=\"(max-width: 150px) 100vw, 150px\" \/><\/a>\n\t\t\t<\/div><\/figure><figure class='gallery-item'>\n\t\t\t<div class='gallery-icon landscape'>\n\t\t\t\t<a href='http:\/\/akademia-przedszkolaka.net.pl\/nowy-sacz\/wp-content\/uploads\/sites\/3\/2019\/02\/walentynki1.jpg'><img width=\"150\" height=\"150\" src=\"http:\/\/akademia-przedszkolaka.net.pl\/nowy-sacz\/wp-content\/uploads\/sites\/3\/2019\/02\/walentynki1-150x150.jpg\" class=\"attachment-thumbnail size-thumbnail\" alt=\"\" decoding=\"async\" loading=\"lazy\" srcset=\"http:\/\/akademia-przedszkolaka.net.pl\/nowy-sacz\/wp-content\/uploads\/sites\/3\/2019\/02\/walentynki1-150x150.jpg 150w, http:\/\/akademia-przedszkolaka.net.pl\/nowy-sacz\/wp-content\/uploads\/sites\/3\/2019\/02\/walentynki1-300x300.jpg 300w\" sizes=\"(max-width: 150px) 100vw, 150px\" \/><\/a>\n\t\t\t<\/div><\/figure><figure class='gallery-item'>\n\t\t\t<div class='gallery-icon landscape'>\n\t\t\t\t<a href='http:\/\/akademia-przedszkolaka.net.pl\/nowy-sacz\/wp-content\/uploads\/sites\/3\/2019\/02\/walentynki2.jpg'><img width=\"150\" height=\"150\" src=\"http:\/\/akademia-przedszkolaka.net.pl\/nowy-sacz\/wp-content\/uploads\/sites\/3\/2019\/02\/walentynki2-150x150.jpg\" class=\"attachment-thumbnail size-thumbnail\" alt=\"\" decoding=\"async\" loading=\"lazy\" srcset=\"http:\/\/akademia-przedszkolaka.net.pl\/nowy-sacz\/wp-content\/uploads\/sites\/3\/2019\/02\/walentynki2-150x150.jpg 150w, http:\/\/akademia-przedszkolaka.net.pl\/nowy-sacz\/wp-content\/uploads\/sites\/3\/2019\/02\/walentynki2-300x300.jpg 300w\" sizes=\"(max-width: 150px) 100vw, 150px\" \/><\/a>\n\t\t\t<\/div><\/figure><figure class='gallery-item'>\n\t\t\t<div class='gallery-icon landscape'>\n\t\t\t\t<a href='http:\/\/akademia-przedszkolaka.net.pl\/nowy-sacz\/wp-content\/uploads\/sites\/3\/2019\/02\/walentynki4.jpg'><img width=\"150\" height=\"150\" src=\"http:\/\/akademia-przedszkolaka.net.pl\/nowy-sacz\/wp-content\/uploads\/sites\/3\/2019\/02\/walentynki4-150x150.jpg\" class=\"attachment-thumbnail size-thumbnail\" alt=\"\" decoding=\"async\" loading=\"lazy\" srcset=\"http:\/\/akademia-przedszkolaka.net.pl\/nowy-sacz\/wp-content\/uploads\/sites\/3\/2019\/02\/walentynki4-150x150.jpg 150w, http:\/\/akademia-przedszkolaka.net.pl\/nowy-sacz\/wp-content\/uploads\/sites\/3\/2019\/02\/walentynki4-300x300.jpg 300w\" sizes=\"(max-width: 150px) 100vw, 150px\" \/><\/a>\n\t\t\t<\/div><\/figure><figure class='gallery-item'>\n\t\t\t<div class='gallery-icon landscape'>\n\t\t\t\t<a href='http:\/\/akademia-przedszkolaka.net.pl\/nowy-sacz\/wp-content\/uploads\/sites\/3\/2019\/02\/walentynki5.jpg'><img width=\"150\" height=\"150\" src=\"http:\/\/akademia-przedszkolaka.net.pl\/nowy-sacz\/wp-content\/uploads\/sites\/3\/2019\/02\/walentynki5-150x150.jpg\" class=\"attachment-thumbnail size-thumbnail\" alt=\"\" decoding=\"async\" loading=\"lazy\" srcset=\"http:\/\/akademia-przedszkolaka.net.pl\/nowy-sacz\/wp-content\/uploads\/sites\/3\/2019\/02\/walentynki5-150x150.jpg 150w, http:\/\/akademia-przedszkolaka.net.pl\/nowy-sacz\/wp-content\/uploads\/sites\/3\/2019\/02\/walentynki5-300x300.jpg 300w\" sizes=\"(max-width: 150px) 100vw, 150px\" \/><\/a>\n\t\t\t<\/div><\/figure><figure class='gallery-item'>\n\t\t\t<div class='gallery-icon landscape'>\n\t\t\t\t<a href='http:\/\/akademia-przedszkolaka.net.pl\/nowy-sacz\/wp-content\/uploads\/sites\/3\/2019\/02\/walentynki6.jpg'><img width=\"150\" height=\"150\" src=\"http:\/\/akademia-przedszkolaka.net.pl\/nowy-sacz\/wp-content\/uploads\/sites\/3\/2019\/02\/walentynki6-150x150.jpg\" class=\"attachment-thumbnail size-thumbnail\" alt=\"\" decoding=\"async\" loading=\"lazy\" srcset=\"http:\/\/akademia-przedszkolaka.net.pl\/nowy-sacz\/wp-content\/uploads\/sites\/3\/2019\/02\/walentynki6-150x150.jpg 150w, http:\/\/akademia-przedszkolaka.net.pl\/nowy-sacz\/wp-content\/uploads\/sites\/3\/2019\/02\/walentynki6-300x300.jpg 300w\" sizes=\"(max-width: 150px) 100vw, 150px\" \/><\/a>\n\t\t\t<\/div><\/figure><figure class='gallery-item'>\n\t\t\t<div class='gallery-icon landscape'>\n\t\t\t\t<a href='http:\/\/akademia-przedszkolaka.net.pl\/nowy-sacz\/wp-content\/uploads\/sites\/3\/2019\/02\/walentynki7.jpg'><img width=\"150\" height=\"150\" src=\"http:\/\/akademia-przedszkolaka.net.pl\/nowy-sacz\/wp-content\/uploads\/sites\/3\/2019\/02\/walentynki7-150x150.jpg\" class=\"attachment-thumbnail size-thumbnail\" alt=\"\" decoding=\"async\" loading=\"lazy\" srcset=\"http:\/\/akademia-przedszkolaka.net.pl\/nowy-sacz\/wp-content\/uploads\/sites\/3\/2019\/02\/walentynki7-150x150.jpg 150w, http:\/\/akademia-przedszkolaka.net.pl\/nowy-sacz\/wp-content\/uploads\/sites\/3\/2019\/02\/walentynki7-300x300.jpg 300w\" sizes=\"(max-width: 150px) 100vw, 150px\" \/><\/a>\n\t\t\t<\/div><\/figure>\n\t\t<\/div>\n\n<\/div>\n","protected":false},"excerpt":{"rendered":"<p>W miniony czwartek w naszym przedszkolu zrobi\u0142o si\u0119 niesamowicie czerwono! Nasze przedszkolaki przyby\u0142y na walentynkow\u0105 zabaw\u0119. Ka\u017cdy przedszkolak mia\u0142 na sobie ubranie w czerwonym kolorze, a w przedszkolu pojawi\u0142o si\u0119 mn\u00f3stwo pi\u0119knych, czerwonych serc. Dzieci \u015bwietnie si\u0119 bawi\u0142y, rozda\u0142y tak\u017ce wykonane przez siebie papierowe serca wszystkim pracownikom przedszkola!<\/p>\n","protected":false},"author":2,"featured_media":610,"comment_status":"closed","ping_status":"closed","sticky":false,"template":"","format":"standard","meta":[],"categories":[1],"tags":[],"_links":{"self":[{"href":"http:\/\/akademia-przedszkolaka.net.pl\/nowy-sacz\/wp-json\/wp\/v2\/posts\/606"}],"collection":[{"href":"http:\/\/akademia-przedszkolaka.net.pl\/nowy-sacz\/wp-json\/wp\/v2\/posts"}],"about":[{"href":"http:\/\/akademia-przedszkolaka.net.pl\/nowy-sacz\/wp-json\/wp\/v2\/types\/post"}],"author":[{"embeddable":true,"href":"http:\/\/akademia-przedszkolaka.net.pl\/nowy-sacz\/wp-json\/wp\/v2\/users\/2"}],"replies":[{"embeddable":true,"href":"http:\/\/akademia-przedszkolaka.net.pl\/nowy-sacz\/wp-json\/wp\/v2\/comments?post=606"}],"version-history":[{"count":3,"href":"http:\/\/akademia-przedszkolaka.net.pl\/nowy-sacz\/wp-json\/wp\/v2\/posts\/606\/revisions"}],"predecessor-version":[{"id":617,"href":"http:\/\/akademia-przedszkolaka.net.pl\/nowy-sacz\/wp-json\/wp\/v2\/posts\/606\/revisions\/617"}],"wp:featuredmedia":[{"embeddable":true,"href":"http:\/\/akademia-przedszkolaka.net.pl\/nowy-sacz\/wp-json\/wp\/v2\/media\/610"}],"wp:attachment":[{"href":"http:\/\/akademia-przedszkolaka.net.pl\/nowy-sacz\/wp-json\/wp\/v2\/media?parent=606"}],"wp:term":[{"taxonomy":"category","embeddable":true,"href":"http:\/\/akademia-przedszkolaka.net.pl\/nowy-sacz\/wp-json\/wp\/v2\/categories?post=606"},{"taxonomy":"post_tag","embeddable":true,"href":"http:\/\/akademia-przedszkolaka.net.pl\/nowy-sacz\/wp-json\/wp\/v2\/tags?post=606"}],"curies":[{"name":"wp","href":"https:\/\/api.w.org\/{rel}","templated":true}]}}