{"id":575,"date":"2019-02-03T14:09:47","date_gmt":"2019-02-03T13:09:47","guid":{"rendered":"http:\/\/akademia-przedszkolaka.net.pl\/nowy-sacz\/?p=575"},"modified":"2019-02-11T21:01:30","modified_gmt":"2019-02-11T20:01:30","slug":"otwieramy-zapisy-na-rok-2019-2020","status":"publish","type":"post","link":"http:\/\/akademia-przedszkolaka.net.pl\/nowy-sacz\/2019\/02\/03\/otwieramy-zapisy-na-rok-2019-2020\/","title":{"rendered":"Otwieramy zapisy!"},"content":{"rendered":"<p>Z rado\u015bci\u0105 informujemy, \u017ce ju\u017c w najbli\u017cszy poniedzia\u0142ek, 4 lutego 2019, rozpoczynamy zapisy na nowy rok szkolny 2019\/2020! Przyjmujemy dzieci w wieku od 1 do 6 lat. Serdecznie zapraszamy do naszej Akademii!<br \/>\nLiczba miejsc ograniczona!<\/p>\n","protected":false},"excerpt":{"rendered":"<p>Z rado\u015bci\u0105 informujemy, \u017ce ju\u017c w najbli\u017cszy poniedzia\u0142ek, 4 lutego 2019, rozpoczynamy zapisy na nowy rok szkolny 2019\/2020! Przyjmujemy dzieci w wieku od 1 do 6 lat. Serdecznie zapraszamy do naszej Akademii! Liczba miejsc ograniczona!<\/p>\n","protected":false},"author":1,"featured_media":576,"comment_status":"closed","ping_status":"closed","sticky":false,"template":"","format":"standard","meta":[],"categories":[1],"tags":[],"_links":{"self":[{"href":"http:\/\/akademia-przedszkolaka.net.pl\/nowy-sacz\/wp-json\/wp\/v2\/posts\/575"}],"collection":[{"href":"http:\/\/akademia-przedszkolaka.net.pl\/nowy-sacz\/wp-json\/wp\/v2\/posts"}],"about":[{"href":"http:\/\/akademia-przedszkolaka.net.pl\/nowy-sacz\/wp-json\/wp\/v2\/types\/post"}],"author":[{"embeddable":true,"href":"http:\/\/akademia-przedszkolaka.net.pl\/nowy-sacz\/wp-json\/wp\/v2\/users\/1"}],"replies":[{"embeddable":true,"href":"http:\/\/akademia-przedszkolaka.net.pl\/nowy-sacz\/wp-json\/wp\/v2\/comments?post=575"}],"version-history":[{"count":2,"href":"http:\/\/akademia-przedszkolaka.net.pl\/nowy-sacz\/wp-json\/wp\/v2\/posts\/575\/revisions"}],"predecessor-version":[{"id":579,"href":"http:\/\/akademia-przedszkolaka.net.pl\/nowy-sacz\/wp-json\/wp\/v2\/posts\/575\/revisions\/579"}],"wp:featuredmedia":[{"embeddable":true,"href":"http:\/\/akademia-przedszkolaka.net.pl\/nowy-sacz\/wp-json\/wp\/v2\/media\/576"}],"wp:attachment":[{"href":"http:\/\/akademia-przedszkolaka.net.pl\/nowy-sacz\/wp-json\/wp\/v2\/media?parent=575"}],"wp:term":[{"taxonomy":"category","embeddable":true,"href":"http:\/\/akademia-przedszkolaka.net.pl\/nowy-sacz\/wp-json\/wp\/v2\/categories?post=575"},{"taxonomy":"post_tag","embeddable":true,"href":"http:\/\/akademia-przedszkolaka.net.pl\/nowy-sacz\/wp-json\/wp\/v2\/tags?post=575"}],"curies":[{"name":"wp","href":"https:\/\/api.w.org\/{rel}","templated":true}]}}