{"id":528,"date":"2018-12-18T22:11:09","date_gmt":"2018-12-18T21:11:09","guid":{"rendered":"http:\/\/akademia-przedszkolaka.net.pl\/nowy-sacz\/?p=528"},"modified":"2018-12-18T22:11:09","modified_gmt":"2018-12-18T21:11:09","slug":"mikolaj-w-przedszkolu","status":"publish","type":"post","link":"http:\/\/akademia-przedszkolaka.net.pl\/nowy-sacz\/2018\/12\/18\/mikolaj-w-przedszkolu\/","title":{"rendered":"Miko\u0142aj w przedszkolu!"},"content":{"rendered":"<p>Do naszego przedszkola przyby\u0142 w ubieg\u0142ym tygodniu wspania\u0142y go\u015b\u0107 &#8211; \u015awi\u0119ty Miko\u0142aj! Przyby\u0142 na pro\u015bb\u0119 dzieci, kt\u00f3re szuka\u0142y go na s\u0105siednich uliczkach w trakcie spacer\u00f3w, a znalaz\u0142y przed budynkiem sklepu. Niesamowitemu go\u015bciowi dzieci za\u015bpiewa\u0142y piosenki, powiedzia\u0142y wierszyk, a tak\u017ce pocz\u0119stowa\u0142y ciep\u0142ym mlekiem oraz w\u0142asnor\u0119cznie pieczonymi piernikami. Miko\u0142aj odwdzi\u0119czy\u0142 si\u0119 wr\u0119czaj\u0105c wspania\u0142e prezenty! Miko\u0142aju! Zapraszamy za rok!<\/p>\n<div id='gallery-1' class='gallery galleryid-528 gallery-columns-3 gallery-size-kids-education-gallery-section-small'><figure class='gallery-item'>\n\t\t\t<div class='gallery-icon landscape'>\n\t\t\t\t<a href='http:\/\/akademia-przedszkolaka.net.pl\/nowy-sacz\/wp-content\/uploads\/sites\/3\/2018\/12\/48187937_1958256747574037_1326059577703137280_o.jpg'><img width=\"300\" height=\"300\" src=\"http:\/\/akademia-przedszkolaka.net.pl\/nowy-sacz\/wp-content\/uploads\/sites\/3\/2018\/12\/48187937_1958256747574037_1326059577703137280_o-300x300.jpg\" class=\"attachment-kids-education-gallery-section-small size-kids-education-gallery-section-small\" alt=\"\" decoding=\"async\" loading=\"lazy\" srcset=\"http:\/\/akademia-przedszkolaka.net.pl\/nowy-sacz\/wp-content\/uploads\/sites\/3\/2018\/12\/48187937_1958256747574037_1326059577703137280_o-300x300.jpg 300w, http:\/\/akademia-przedszkolaka.net.pl\/nowy-sacz\/wp-content\/uploads\/sites\/3\/2018\/12\/48187937_1958256747574037_1326059577703137280_o-150x150.jpg 150w\" sizes=\"(max-width: 300px) 100vw, 300px\" \/><\/a>\n\t\t\t<\/div><\/figure><figure class='gallery-item'>\n\t\t\t<div class='gallery-icon portrait'>\n\t\t\t\t<a href='http:\/\/akademia-przedszkolaka.net.pl\/nowy-sacz\/wp-content\/uploads\/sites\/3\/2018\/12\/48211437_1958256407574071_214245608813232128_n.jpg'><img width=\"300\" height=\"300\" src=\"http:\/\/akademia-przedszkolaka.net.pl\/nowy-sacz\/wp-content\/uploads\/sites\/3\/2018\/12\/48211437_1958256407574071_214245608813232128_n-300x300.jpg\" class=\"attachment-kids-education-gallery-section-small size-kids-education-gallery-section-small\" alt=\"\" decoding=\"async\" loading=\"lazy\" srcset=\"http:\/\/akademia-przedszkolaka.net.pl\/nowy-sacz\/wp-content\/uploads\/sites\/3\/2018\/12\/48211437_1958256407574071_214245608813232128_n-300x300.jpg 300w, http:\/\/akademia-przedszkolaka.net.pl\/nowy-sacz\/wp-content\/uploads\/sites\/3\/2018\/12\/48211437_1958256407574071_214245608813232128_n-150x150.jpg 150w\" sizes=\"(max-width: 300px) 100vw, 300px\" \/><\/a>\n\t\t\t<\/div><\/figure><figure class='gallery-item'>\n\t\t\t<div class='gallery-icon landscape'>\n\t\t\t\t<a href='http:\/\/akademia-przedszkolaka.net.pl\/nowy-sacz\/wp-content\/uploads\/sites\/3\/2018\/12\/48220035_1958261567573555_8115956453778391040_o.jpg'><img width=\"300\" height=\"300\" src=\"http:\/\/akademia-przedszkolaka.net.pl\/nowy-sacz\/wp-content\/uploads\/sites\/3\/2018\/12\/48220035_1958261567573555_8115956453778391040_o-300x300.jpg\" class=\"attachment-kids-education-gallery-section-small size-kids-education-gallery-section-small\" alt=\"\" decoding=\"async\" loading=\"lazy\" srcset=\"http:\/\/akademia-przedszkolaka.net.pl\/nowy-sacz\/wp-content\/uploads\/sites\/3\/2018\/12\/48220035_1958261567573555_8115956453778391040_o-300x300.jpg 300w, http:\/\/akademia-przedszkolaka.net.pl\/nowy-sacz\/wp-content\/uploads\/sites\/3\/2018\/12\/48220035_1958261567573555_8115956453778391040_o-150x150.jpg 150w\" sizes=\"(max-width: 300px) 100vw, 300px\" \/><\/a>\n\t\t\t<\/div><\/figure><figure class='gallery-item'>\n\t\t\t<div class='gallery-icon portrait'>\n\t\t\t\t<a href='http:\/\/akademia-przedszkolaka.net.pl\/nowy-sacz\/wp-content\/uploads\/sites\/3\/2018\/12\/48359422_1958257007574011_2908138290450268160_n.jpg'><img width=\"300\" height=\"300\" src=\"http:\/\/akademia-przedszkolaka.net.pl\/nowy-sacz\/wp-content\/uploads\/sites\/3\/2018\/12\/48359422_1958257007574011_2908138290450268160_n-300x300.jpg\" class=\"attachment-kids-education-gallery-section-small size-kids-education-gallery-section-small\" alt=\"\" decoding=\"async\" loading=\"lazy\" srcset=\"http:\/\/akademia-przedszkolaka.net.pl\/nowy-sacz\/wp-content\/uploads\/sites\/3\/2018\/12\/48359422_1958257007574011_2908138290450268160_n-300x300.jpg 300w, http:\/\/akademia-przedszkolaka.net.pl\/nowy-sacz\/wp-content\/uploads\/sites\/3\/2018\/12\/48359422_1958257007574011_2908138290450268160_n-150x150.jpg 150w\" sizes=\"(max-width: 300px) 100vw, 300px\" \/><\/a>\n\t\t\t<\/div><\/figure><figure class='gallery-item'>\n\t\t\t<div class='gallery-icon portrait'>\n\t\t\t\t<a href='http:\/\/akademia-przedszkolaka.net.pl\/nowy-sacz\/wp-content\/uploads\/sites\/3\/2018\/12\/48385132_1958256177574094_3249135479454433280_n.jpg'><img width=\"300\" height=\"300\" src=\"http:\/\/akademia-przedszkolaka.net.pl\/nowy-sacz\/wp-content\/uploads\/sites\/3\/2018\/12\/48385132_1958256177574094_3249135479454433280_n-300x300.jpg\" class=\"attachment-kids-education-gallery-section-small size-kids-education-gallery-section-small\" alt=\"\" decoding=\"async\" loading=\"lazy\" srcset=\"http:\/\/akademia-przedszkolaka.net.pl\/nowy-sacz\/wp-content\/uploads\/sites\/3\/2018\/12\/48385132_1958256177574094_3249135479454433280_n-300x300.jpg 300w, http:\/\/akademia-przedszkolaka.net.pl\/nowy-sacz\/wp-content\/uploads\/sites\/3\/2018\/12\/48385132_1958256177574094_3249135479454433280_n-150x150.jpg 150w\" sizes=\"(max-width: 300px) 100vw, 300px\" \/><\/a>\n\t\t\t<\/div><\/figure>\n\t\t<\/div>\n\n","protected":false},"excerpt":{"rendered":"<p>Do naszego przedszkola przyby\u0142 w ubieg\u0142ym tygodniu wspania\u0142y go\u015b\u0107 &#8211; \u015awi\u0119ty Miko\u0142aj! Przyby\u0142 na pro\u015bb\u0119 dzieci, kt\u00f3re szuka\u0142y go na s\u0105siednich uliczkach w trakcie spacer\u00f3w, a znalaz\u0142y przed budynkiem sklepu. Niesamowitemu go\u015bciowi dzieci za\u015bpiewa\u0142y piosenki, powiedzia\u0142y wierszyk, a tak\u017ce pocz\u0119stowa\u0142y ciep\u0142ym mlekiem oraz w\u0142asnor\u0119cznie pieczonymi piernikami. Miko\u0142aj odwdzi\u0119czy\u0142 si\u0119 wr\u0119czaj\u0105c wspania\u0142e prezenty! Miko\u0142aju! Zapraszamy za&#8230;<\/p>\n","protected":false},"author":1,"featured_media":534,"comment_status":"closed","ping_status":"closed","sticky":false,"template":"","format":"standard","meta":[],"categories":[1],"tags":[],"_links":{"self":[{"href":"http:\/\/akademia-przedszkolaka.net.pl\/nowy-sacz\/wp-json\/wp\/v2\/posts\/528"}],"collection":[{"href":"http:\/\/akademia-przedszkolaka.net.pl\/nowy-sacz\/wp-json\/wp\/v2\/posts"}],"about":[{"href":"http:\/\/akademia-przedszkolaka.net.pl\/nowy-sacz\/wp-json\/wp\/v2\/types\/post"}],"author":[{"embeddable":true,"href":"http:\/\/akademia-przedszkolaka.net.pl\/nowy-sacz\/wp-json\/wp\/v2\/users\/1"}],"replies":[{"embeddable":true,"href":"http:\/\/akademia-przedszkolaka.net.pl\/nowy-sacz\/wp-json\/wp\/v2\/comments?post=528"}],"version-history":[{"count":1,"href":"http:\/\/akademia-przedszkolaka.net.pl\/nowy-sacz\/wp-json\/wp\/v2\/posts\/528\/revisions"}],"predecessor-version":[{"id":535,"href":"http:\/\/akademia-przedszkolaka.net.pl\/nowy-sacz\/wp-json\/wp\/v2\/posts\/528\/revisions\/535"}],"wp:featuredmedia":[{"embeddable":true,"href":"http:\/\/akademia-przedszkolaka.net.pl\/nowy-sacz\/wp-json\/wp\/v2\/media\/534"}],"wp:attachment":[{"href":"http:\/\/akademia-przedszkolaka.net.pl\/nowy-sacz\/wp-json\/wp\/v2\/media?parent=528"}],"wp:term":[{"taxonomy":"category","embeddable":true,"href":"http:\/\/akademia-przedszkolaka.net.pl\/nowy-sacz\/wp-json\/wp\/v2\/categories?post=528"},{"taxonomy":"post_tag","embeddable":true,"href":"http:\/\/akademia-przedszkolaka.net.pl\/nowy-sacz\/wp-json\/wp\/v2\/tags?post=528"}],"curies":[{"name":"wp","href":"https:\/\/api.w.org\/{rel}","templated":true}]}}