{"id":485,"date":"2018-12-06T21:02:49","date_gmt":"2018-12-06T20:02:49","guid":{"rendered":"http:\/\/akademia-przedszkolaka.net.pl\/nowy-sacz\/?p=485"},"modified":"2018-12-06T21:02:49","modified_gmt":"2018-12-06T20:02:49","slug":"wizyta-sw-mikolaja","status":"publish","type":"post","link":"http:\/\/akademia-przedszkolaka.net.pl\/nowy-sacz\/2018\/12\/06\/wizyta-sw-mikolaja\/","title":{"rendered":"Wizyta \u015bw. Miko\u0142aja!!"},"content":{"rendered":"<p>Dostali\u015bmy list od \u015awi\u0119tego Miko\u0142aja! Zapewni\u0142 nas, \u017ce przyjedzie jutro, czyli w pi\u0105tek po godz. 9.00. Czekamy wi\u0119c cierpliwie. Wszyscy byli\u015bmy grzeczni, to pewnie ka\u017cdy otrzyma prezent. Informacja dla Rodzic\u00f3w: ze spotkania z Miko\u0142ajem b\u0119d\u0105 zdj\u0119cia (wykonane przez zaproszon\u0105 firm\u0119) i b\u0119d\u0105 rozprowadzane w grupach. W zwi\u0105zku ze spotkaniem z Miko\u0142ajem \u015bniadanie zjemy wcze\u015bniej!<\/p>\n","protected":false},"excerpt":{"rendered":"<p>Dostali\u015bmy list od \u015awi\u0119tego Miko\u0142aja! Zapewni\u0142 nas, \u017ce przyjedzie jutro, czyli w pi\u0105tek po godz. 9.00. Czekamy wi\u0119c cierpliwie. Wszyscy byli\u015bmy grzeczni, to pewnie ka\u017cdy otrzyma prezent. Informacja dla Rodzic\u00f3w: ze spotkania z Miko\u0142ajem b\u0119d\u0105 zdj\u0119cia (wykonane przez zaproszon\u0105 firm\u0119) i b\u0119d\u0105 rozprowadzane w grupach. W zwi\u0105zku ze spotkaniem z Miko\u0142ajem \u015bniadanie zjemy wcze\u015bniej!<\/p>\n","protected":false},"author":1,"featured_media":486,"comment_status":"closed","ping_status":"closed","sticky":false,"template":"","format":"standard","meta":[],"categories":[1],"tags":[],"_links":{"self":[{"href":"http:\/\/akademia-przedszkolaka.net.pl\/nowy-sacz\/wp-json\/wp\/v2\/posts\/485"}],"collection":[{"href":"http:\/\/akademia-przedszkolaka.net.pl\/nowy-sacz\/wp-json\/wp\/v2\/posts"}],"about":[{"href":"http:\/\/akademia-przedszkolaka.net.pl\/nowy-sacz\/wp-json\/wp\/v2\/types\/post"}],"author":[{"embeddable":true,"href":"http:\/\/akademia-przedszkolaka.net.pl\/nowy-sacz\/wp-json\/wp\/v2\/users\/1"}],"replies":[{"embeddable":true,"href":"http:\/\/akademia-przedszkolaka.net.pl\/nowy-sacz\/wp-json\/wp\/v2\/comments?post=485"}],"version-history":[{"count":1,"href":"http:\/\/akademia-przedszkolaka.net.pl\/nowy-sacz\/wp-json\/wp\/v2\/posts\/485\/revisions"}],"predecessor-version":[{"id":487,"href":"http:\/\/akademia-przedszkolaka.net.pl\/nowy-sacz\/wp-json\/wp\/v2\/posts\/485\/revisions\/487"}],"wp:featuredmedia":[{"embeddable":true,"href":"http:\/\/akademia-przedszkolaka.net.pl\/nowy-sacz\/wp-json\/wp\/v2\/media\/486"}],"wp:attachment":[{"href":"http:\/\/akademia-przedszkolaka.net.pl\/nowy-sacz\/wp-json\/wp\/v2\/media?parent=485"}],"wp:term":[{"taxonomy":"category","embeddable":true,"href":"http:\/\/akademia-przedszkolaka.net.pl\/nowy-sacz\/wp-json\/wp\/v2\/categories?post=485"},{"taxonomy":"post_tag","embeddable":true,"href":"http:\/\/akademia-przedszkolaka.net.pl\/nowy-sacz\/wp-json\/wp\/v2\/tags?post=485"}],"curies":[{"name":"wp","href":"https:\/\/api.w.org\/{rel}","templated":true}]}}