{"id":1512,"date":"2020-06-26T14:21:17","date_gmt":"2020-06-26T12:21:17","guid":{"rendered":"http:\/\/akademia-przedszkolaka.net.pl\/nowy-sacz\/?p=1512"},"modified":"2020-06-29T11:58:20","modified_gmt":"2020-06-29T09:58:20","slug":"witamy-wakacje","status":"publish","type":"post","link":"http:\/\/akademia-przedszkolaka.net.pl\/nowy-sacz\/2020\/06\/26\/witamy-wakacje\/","title":{"rendered":"Witamy wakacje!"},"content":{"rendered":"<p style=\"text-align: center\">Drodzy Rodzice!<br \/>\nZapraszamy serdecznie do obejrzenia uroczysto\u015bci zako\u0144czenia roku szkolnego!<\/p>\n<p>&nbsp;<\/p>\n<!--[if lt IE 9]><script>document.createElement('video');<\/script><![endif]-->\n\t<div class=\"wp-playlist wp-video-playlist wp-playlist-light\">\n\t\t<video controls=\"controls\" preload=\"none\" width=\"618\"\n\t\t height=\"355\"\t><\/video>\n\t<div class=\"wp-playlist-next\"><\/div>\n\t<div class=\"wp-playlist-prev\"><\/div>\n\t<noscript>\n\t<ol>\n\t\t<li><a href='http:\/\/akademia-przedszkolaka.net.pl\/nowy-sacz\/wp-content\/uploads\/sites\/3\/2020\/06\/zr1-4.mp4'>zr1-4<\/a><\/li><li><a href='http:\/\/akademia-przedszkolaka.net.pl\/nowy-sacz\/wp-content\/uploads\/sites\/3\/2020\/06\/zr2.mp4'>zr2<\/a><\/li><li><a href='http:\/\/akademia-przedszkolaka.net.pl\/nowy-sacz\/wp-content\/uploads\/sites\/3\/2020\/06\/zr3.mp4'>zr3<\/a><\/li><li><a href='http:\/\/akademia-przedszkolaka.net.pl\/nowy-sacz\/wp-content\/uploads\/sites\/3\/2020\/06\/zr4-1.mp4'>zr4-1<\/a><\/li><li><a href='http:\/\/akademia-przedszkolaka.net.pl\/nowy-sacz\/wp-content\/uploads\/sites\/3\/2020\/06\/zr5.mp4'>zr5<\/a><\/li><li><a href='http:\/\/akademia-przedszkolaka.net.pl\/nowy-sacz\/wp-content\/uploads\/sites\/3\/2020\/06\/zr7-1.mp4'>zr7-1<\/a><\/li><li><a href='http:\/\/akademia-przedszkolaka.net.pl\/nowy-sacz\/wp-content\/uploads\/sites\/3\/2020\/06\/zr8-2.mp4'>zr8-2<\/a><\/li><li><a href='http:\/\/akademia-przedszkolaka.net.pl\/nowy-sacz\/wp-content\/uploads\/sites\/3\/2020\/06\/zr9-3.mp4'>zr9-3<\/a><\/li><li><a href='http:\/\/akademia-przedszkolaka.net.pl\/nowy-sacz\/wp-content\/uploads\/sites\/3\/2020\/06\/zr10.mp4'>zr10<\/a><\/li>\t<\/ol>\n\t<\/noscript>\n\t<script type=\"application\/json\" class=\"wp-playlist-script\">{\"type\":\"video\",\"tracklist\":true,\"tracknumbers\":true,\"images\":true,\"artists\":true,\"tracks\":[{\"src\":\"http:\\\/\\\/akademia-przedszkolaka.net.pl\\\/nowy-sacz\\\/wp-content\\\/uploads\\\/sites\\\/3\\\/2020\\\/06\\\/zr1-4.mp4\",\"type\":\"video\\\/mp4\",\"title\":\"zr1-4\",\"caption\":\"\",\"description\":\"\",\"meta\":{\"length_formatted\":\"1:02\"},\"dimensions\":{\"original\":{\"width\":1080,\"height\":1920},\"resized\":{\"width\":618,\"height\":1099}},\"image\":{\"src\":\"http:\\\/\\\/akademia-przedszkolaka.net.pl\\\/nowy-sacz\\\/wp-includes\\\/images\\\/media\\\/video.png\",\"width\":48,\"height\":64},\"thumb\":{\"src\":\"http:\\\/\\\/akademia-przedszkolaka.net.pl\\\/nowy-sacz\\\/wp-includes\\\/images\\\/media\\\/video.png\",\"width\":48,\"height\":64}},{\"src\":\"http:\\\/\\\/akademia-przedszkolaka.net.pl\\\/nowy-sacz\\\/wp-content\\\/uploads\\\/sites\\\/3\\\/2020\\\/06\\\/zr2.mp4\",\"type\":\"video\\\/mp4\",\"title\":\"zr2\",\"caption\":\"\",\"description\":\"\",\"meta\":{\"length_formatted\":\"0:57\"},\"dimensions\":{\"original\":{\"width\":368,\"height\":656},\"resized\":{\"width\":618,\"height\":1102}},\"image\":{\"src\":\"http:\\\/\\\/akademia-przedszkolaka.net.pl\\\/nowy-sacz\\\/wp-includes\\\/images\\\/media\\\/video.png\",\"width\":48,\"height\":64},\"thumb\":{\"src\":\"http:\\\/\\\/akademia-przedszkolaka.net.pl\\\/nowy-sacz\\\/wp-includes\\\/images\\\/media\\\/video.png\",\"width\":48,\"height\":64}},{\"src\":\"http:\\\/\\\/akademia-przedszkolaka.net.pl\\\/nowy-sacz\\\/wp-content\\\/uploads\\\/sites\\\/3\\\/2020\\\/06\\\/zr3.mp4\",\"type\":\"video\\\/mp4\",\"title\":\"zr3\",\"caption\":\"\",\"description\":\"\",\"meta\":{\"length_formatted\":\"0:10\"},\"dimensions\":{\"original\":{\"width\":368,\"height\":656},\"resized\":{\"width\":618,\"height\":1102}},\"image\":{\"src\":\"http:\\\/\\\/akademia-przedszkolaka.net.pl\\\/nowy-sacz\\\/wp-includes\\\/images\\\/media\\\/video.png\",\"width\":48,\"height\":64},\"thumb\":{\"src\":\"http:\\\/\\\/akademia-przedszkolaka.net.pl\\\/nowy-sacz\\\/wp-includes\\\/images\\\/media\\\/video.png\",\"width\":48,\"height\":64}},{\"src\":\"http:\\\/\\\/akademia-przedszkolaka.net.pl\\\/nowy-sacz\\\/wp-content\\\/uploads\\\/sites\\\/3\\\/2020\\\/06\\\/zr4-1.mp4\",\"type\":\"video\\\/mp4\",\"title\":\"zr4-1\",\"caption\":\"\",\"description\":\"\",\"meta\":{\"length_formatted\":\"1:06\"},\"dimensions\":{\"original\":{\"width\":368,\"height\":656},\"resized\":{\"width\":618,\"height\":1102}},\"image\":{\"src\":\"http:\\\/\\\/akademia-przedszkolaka.net.pl\\\/nowy-sacz\\\/wp-includes\\\/images\\\/media\\\/video.png\",\"width\":48,\"height\":64},\"thumb\":{\"src\":\"http:\\\/\\\/akademia-przedszkolaka.net.pl\\\/nowy-sacz\\\/wp-includes\\\/images\\\/media\\\/video.png\",\"width\":48,\"height\":64}},{\"src\":\"http:\\\/\\\/akademia-przedszkolaka.net.pl\\\/nowy-sacz\\\/wp-content\\\/uploads\\\/sites\\\/3\\\/2020\\\/06\\\/zr5.mp4\",\"type\":\"video\\\/mp4\",\"title\":\"zr5\",\"caption\":\"\",\"description\":\"\",\"meta\":{\"length_formatted\":\"0:24\"},\"dimensions\":{\"original\":{\"width\":368,\"height\":656},\"resized\":{\"width\":618,\"height\":1102}},\"image\":{\"src\":\"http:\\\/\\\/akademia-przedszkolaka.net.pl\\\/nowy-sacz\\\/wp-includes\\\/images\\\/media\\\/video.png\",\"width\":48,\"height\":64},\"thumb\":{\"src\":\"http:\\\/\\\/akademia-przedszkolaka.net.pl\\\/nowy-sacz\\\/wp-includes\\\/images\\\/media\\\/video.png\",\"width\":48,\"height\":64}},{\"src\":\"http:\\\/\\\/akademia-przedszkolaka.net.pl\\\/nowy-sacz\\\/wp-content\\\/uploads\\\/sites\\\/3\\\/2020\\\/06\\\/zr7-1.mp4\",\"type\":\"video\\\/mp4\",\"title\":\"zr7-1\",\"caption\":\"\",\"description\":\"\",\"meta\":{\"length_formatted\":\"2:31\"},\"dimensions\":{\"original\":{\"width\":640,\"height\":368},\"resized\":{\"width\":618,\"height\":355}},\"image\":{\"src\":\"http:\\\/\\\/akademia-przedszkolaka.net.pl\\\/nowy-sacz\\\/wp-includes\\\/images\\\/media\\\/video.png\",\"width\":48,\"height\":64},\"thumb\":{\"src\":\"http:\\\/\\\/akademia-przedszkolaka.net.pl\\\/nowy-sacz\\\/wp-includes\\\/images\\\/media\\\/video.png\",\"width\":48,\"height\":64}},{\"src\":\"http:\\\/\\\/akademia-przedszkolaka.net.pl\\\/nowy-sacz\\\/wp-content\\\/uploads\\\/sites\\\/3\\\/2020\\\/06\\\/zr8-2.mp4\",\"type\":\"video\\\/mp4\",\"title\":\"zr8-2\",\"caption\":\"\",\"description\":\"\",\"meta\":{\"length_formatted\":\"3:22\"},\"dimensions\":{\"original\":{\"width\":640,\"height\":368},\"resized\":{\"width\":618,\"height\":355}},\"image\":{\"src\":\"http:\\\/\\\/akademia-przedszkolaka.net.pl\\\/nowy-sacz\\\/wp-includes\\\/images\\\/media\\\/video.png\",\"width\":48,\"height\":64},\"thumb\":{\"src\":\"http:\\\/\\\/akademia-przedszkolaka.net.pl\\\/nowy-sacz\\\/wp-includes\\\/images\\\/media\\\/video.png\",\"width\":48,\"height\":64}},{\"src\":\"http:\\\/\\\/akademia-przedszkolaka.net.pl\\\/nowy-sacz\\\/wp-content\\\/uploads\\\/sites\\\/3\\\/2020\\\/06\\\/zr9-3.mp4\",\"type\":\"video\\\/mp4\",\"title\":\"zr9-3\",\"caption\":\"\",\"description\":\"\",\"meta\":{\"length_formatted\":\"4:41\"},\"dimensions\":{\"original\":{\"width\":640,\"height\":368},\"resized\":{\"width\":618,\"height\":355}},\"image\":{\"src\":\"http:\\\/\\\/akademia-przedszkolaka.net.pl\\\/nowy-sacz\\\/wp-includes\\\/images\\\/media\\\/video.png\",\"width\":48,\"height\":64},\"thumb\":{\"src\":\"http:\\\/\\\/akademia-przedszkolaka.net.pl\\\/nowy-sacz\\\/wp-includes\\\/images\\\/media\\\/video.png\",\"width\":48,\"height\":64}},{\"src\":\"http:\\\/\\\/akademia-przedszkolaka.net.pl\\\/nowy-sacz\\\/wp-content\\\/uploads\\\/sites\\\/3\\\/2020\\\/06\\\/zr10.mp4\",\"type\":\"video\\\/mp4\",\"title\":\"zr10\",\"caption\":\"\",\"description\":\"\",\"meta\":{\"length_formatted\":\"0:04\"},\"dimensions\":{\"original\":{\"width\":640,\"height\":368},\"resized\":{\"width\":618,\"height\":355}},\"image\":{\"src\":\"http:\\\/\\\/akademia-przedszkolaka.net.pl\\\/nowy-sacz\\\/wp-includes\\\/images\\\/media\\\/video.png\",\"width\":48,\"height\":64},\"thumb\":{\"src\":\"http:\\\/\\\/akademia-przedszkolaka.net.pl\\\/nowy-sacz\\\/wp-includes\\\/images\\\/media\\\/video.png\",\"width\":48,\"height\":64}}]}<\/script>\n<\/div>\n\t\n<p>&nbsp;<\/p>\n<p style=\"text-align: center\">\u017byczymy wspania\u0142ych wakacji!<\/p>\n<div id='gallery-1' class='gallery galleryid-1512 gallery-columns-3 gallery-size-thumbnail'><figure class='gallery-item'>\n\t\t\t<div class='gallery-icon landscape'>\n\t\t\t\t<a href='http:\/\/akademia-przedszkolaka.net.pl\/nowy-sacz\/2020\/06\/26\/witamy-wakacje\/zuczki-3\/'><img width=\"150\" height=\"150\" src=\"http:\/\/akademia-przedszkolaka.net.pl\/nowy-sacz\/wp-content\/uploads\/sites\/3\/2020\/06\/\u017cuczki-150x150.jpg\" class=\"attachment-thumbnail size-thumbnail\" alt=\"\" decoding=\"async\" loading=\"lazy\" srcset=\"http:\/\/akademia-przedszkolaka.net.pl\/nowy-sacz\/wp-content\/uploads\/sites\/3\/2020\/06\/\u017cuczki-150x150.jpg 150w, http:\/\/akademia-przedszkolaka.net.pl\/nowy-sacz\/wp-content\/uploads\/sites\/3\/2020\/06\/\u017cuczki-300x300.jpg 300w\" sizes=\"(max-width: 150px) 100vw, 150px\" \/><\/a>\n\t\t\t<\/div><\/figure><figure class='gallery-item'>\n\t\t\t<div class='gallery-icon landscape'>\n\t\t\t\t<a href='http:\/\/akademia-przedszkolaka.net.pl\/nowy-sacz\/2020\/06\/26\/witamy-wakacje\/m-motylki\/'><img width=\"150\" height=\"150\" src=\"http:\/\/akademia-przedszkolaka.net.pl\/nowy-sacz\/wp-content\/uploads\/sites\/3\/2020\/06\/m.motylki-150x150.jpg\" class=\"attachment-thumbnail size-thumbnail\" alt=\"\" decoding=\"async\" loading=\"lazy\" srcset=\"http:\/\/akademia-przedszkolaka.net.pl\/nowy-sacz\/wp-content\/uploads\/sites\/3\/2020\/06\/m.motylki-150x150.jpg 150w, http:\/\/akademia-przedszkolaka.net.pl\/nowy-sacz\/wp-content\/uploads\/sites\/3\/2020\/06\/m.motylki-300x300.jpg 300w\" sizes=\"(max-width: 150px) 100vw, 150px\" \/><\/a>\n\t\t\t<\/div><\/figure><figure class='gallery-item'>\n\t\t\t<div class='gallery-icon landscape'>\n\t\t\t\t<a href='http:\/\/akademia-przedszkolaka.net.pl\/nowy-sacz\/2020\/06\/26\/witamy-wakacje\/mmotylki-1\/'><img width=\"150\" height=\"150\" src=\"http:\/\/akademia-przedszkolaka.net.pl\/nowy-sacz\/wp-content\/uploads\/sites\/3\/2020\/06\/mmotylki-1-150x150.jpg\" class=\"attachment-thumbnail size-thumbnail\" alt=\"\" decoding=\"async\" loading=\"lazy\" srcset=\"http:\/\/akademia-przedszkolaka.net.pl\/nowy-sacz\/wp-content\/uploads\/sites\/3\/2020\/06\/mmotylki-1-150x150.jpg 150w, http:\/\/akademia-przedszkolaka.net.pl\/nowy-sacz\/wp-content\/uploads\/sites\/3\/2020\/06\/mmotylki-1-300x300.jpg 300w, http:\/\/akademia-przedszkolaka.net.pl\/nowy-sacz\/wp-content\/uploads\/sites\/3\/2020\/06\/mmotylki-1-1024x1024.jpg 1024w, http:\/\/akademia-przedszkolaka.net.pl\/nowy-sacz\/wp-content\/uploads\/sites\/3\/2020\/06\/mmotylki-1-768x768.jpg 768w, http:\/\/akademia-przedszkolaka.net.pl\/nowy-sacz\/wp-content\/uploads\/sites\/3\/2020\/06\/mmotylki-1.jpg 1200w\" sizes=\"(max-width: 150px) 100vw, 150px\" \/><\/a>\n\t\t\t<\/div><\/figure><figure class='gallery-item'>\n\t\t\t<div class='gallery-icon landscape'>\n\t\t\t\t<a href='http:\/\/akademia-przedszkolaka.net.pl\/nowy-sacz\/2020\/06\/26\/witamy-wakacje\/mmotylki-2\/'><img width=\"150\" height=\"150\" src=\"http:\/\/akademia-przedszkolaka.net.pl\/nowy-sacz\/wp-content\/uploads\/sites\/3\/2020\/06\/mmotylki-2-150x150.jpg\" class=\"attachment-thumbnail size-thumbnail\" alt=\"\" decoding=\"async\" loading=\"lazy\" srcset=\"http:\/\/akademia-przedszkolaka.net.pl\/nowy-sacz\/wp-content\/uploads\/sites\/3\/2020\/06\/mmotylki-2-150x150.jpg 150w, http:\/\/akademia-przedszkolaka.net.pl\/nowy-sacz\/wp-content\/uploads\/sites\/3\/2020\/06\/mmotylki-2-300x300.jpg 300w, http:\/\/akademia-przedszkolaka.net.pl\/nowy-sacz\/wp-content\/uploads\/sites\/3\/2020\/06\/mmotylki-2-1024x1024.jpg 1024w, http:\/\/akademia-przedszkolaka.net.pl\/nowy-sacz\/wp-content\/uploads\/sites\/3\/2020\/06\/mmotylki-2-768x768.jpg 768w, http:\/\/akademia-przedszkolaka.net.pl\/nowy-sacz\/wp-content\/uploads\/sites\/3\/2020\/06\/mmotylki-2.jpg 1200w\" sizes=\"(max-width: 150px) 100vw, 150px\" \/><\/a>\n\t\t\t<\/div><\/figure><figure class='gallery-item'>\n\t\t\t<div class='gallery-icon landscape'>\n\t\t\t\t<a href='http:\/\/akademia-przedszkolaka.net.pl\/nowy-sacz\/2020\/06\/26\/witamy-wakacje\/motylki-4\/'><img width=\"150\" height=\"150\" src=\"http:\/\/akademia-przedszkolaka.net.pl\/nowy-sacz\/wp-content\/uploads\/sites\/3\/2020\/06\/motylki-150x150.jpg\" class=\"attachment-thumbnail size-thumbnail\" alt=\"\" decoding=\"async\" loading=\"lazy\" srcset=\"http:\/\/akademia-przedszkolaka.net.pl\/nowy-sacz\/wp-content\/uploads\/sites\/3\/2020\/06\/motylki-150x150.jpg 150w, http:\/\/akademia-przedszkolaka.net.pl\/nowy-sacz\/wp-content\/uploads\/sites\/3\/2020\/06\/motylki-300x300.jpg 300w\" sizes=\"(max-width: 150px) 100vw, 150px\" \/><\/a>\n\t\t\t<\/div><\/figure><figure class='gallery-item'>\n\t\t\t<div class='gallery-icon landscape'>\n\t\t\t\t<a href='http:\/\/akademia-przedszkolaka.net.pl\/nowy-sacz\/2020\/06\/26\/witamy-wakacje\/motylki1-3\/'><img width=\"150\" height=\"150\" src=\"http:\/\/akademia-przedszkolaka.net.pl\/nowy-sacz\/wp-content\/uploads\/sites\/3\/2020\/06\/motylki1-150x150.jpg\" class=\"attachment-thumbnail size-thumbnail\" alt=\"\" decoding=\"async\" loading=\"lazy\" srcset=\"http:\/\/akademia-przedszkolaka.net.pl\/nowy-sacz\/wp-content\/uploads\/sites\/3\/2020\/06\/motylki1-150x150.jpg 150w, http:\/\/akademia-przedszkolaka.net.pl\/nowy-sacz\/wp-content\/uploads\/sites\/3\/2020\/06\/motylki1-300x300.jpg 300w, http:\/\/akademia-przedszkolaka.net.pl\/nowy-sacz\/wp-content\/uploads\/sites\/3\/2020\/06\/motylki1-1024x1024.jpg 1024w, http:\/\/akademia-przedszkolaka.net.pl\/nowy-sacz\/wp-content\/uploads\/sites\/3\/2020\/06\/motylki1-768x768.jpg 768w, http:\/\/akademia-przedszkolaka.net.pl\/nowy-sacz\/wp-content\/uploads\/sites\/3\/2020\/06\/motylki1.jpg 1200w\" sizes=\"(max-width: 150px) 100vw, 150px\" \/><\/a>\n\t\t\t<\/div><\/figure><figure class='gallery-item'>\n\t\t\t<div class='gallery-icon landscape'>\n\t\t\t\t<a href='http:\/\/akademia-przedszkolaka.net.pl\/nowy-sacz\/2020\/06\/26\/witamy-wakacje\/motylki2-2\/'><img width=\"150\" height=\"150\" src=\"http:\/\/akademia-przedszkolaka.net.pl\/nowy-sacz\/wp-content\/uploads\/sites\/3\/2020\/06\/motylki2-150x150.jpg\" class=\"attachment-thumbnail size-thumbnail\" alt=\"\" decoding=\"async\" loading=\"lazy\" srcset=\"http:\/\/akademia-przedszkolaka.net.pl\/nowy-sacz\/wp-content\/uploads\/sites\/3\/2020\/06\/motylki2-150x150.jpg 150w, http:\/\/akademia-przedszkolaka.net.pl\/nowy-sacz\/wp-content\/uploads\/sites\/3\/2020\/06\/motylki2-300x300.jpg 300w, http:\/\/akademia-przedszkolaka.net.pl\/nowy-sacz\/wp-content\/uploads\/sites\/3\/2020\/06\/motylki2-1024x1024.jpg 1024w, http:\/\/akademia-przedszkolaka.net.pl\/nowy-sacz\/wp-content\/uploads\/sites\/3\/2020\/06\/motylki2-768x768.jpg 768w, http:\/\/akademia-przedszkolaka.net.pl\/nowy-sacz\/wp-content\/uploads\/sites\/3\/2020\/06\/motylki2.jpg 1200w\" sizes=\"(max-width: 150px) 100vw, 150px\" \/><\/a>\n\t\t\t<\/div><\/figure><figure class='gallery-item'>\n\t\t\t<div class='gallery-icon landscape'>\n\t\t\t\t<a href='http:\/\/akademia-przedszkolaka.net.pl\/nowy-sacz\/2020\/06\/26\/witamy-wakacje\/biedronki-3\/'><img width=\"150\" height=\"150\" src=\"http:\/\/akademia-przedszkolaka.net.pl\/nowy-sacz\/wp-content\/uploads\/sites\/3\/2020\/06\/biedronki-150x150.jpg\" class=\"attachment-thumbnail size-thumbnail\" alt=\"\" decoding=\"async\" loading=\"lazy\" srcset=\"http:\/\/akademia-przedszkolaka.net.pl\/nowy-sacz\/wp-content\/uploads\/sites\/3\/2020\/06\/biedronki-150x150.jpg 150w, http:\/\/akademia-przedszkolaka.net.pl\/nowy-sacz\/wp-content\/uploads\/sites\/3\/2020\/06\/biedronki-300x300.jpg 300w\" sizes=\"(max-width: 150px) 100vw, 150px\" \/><\/a>\n\t\t\t<\/div><\/figure><figure class='gallery-item'>\n\t\t\t<div class='gallery-icon landscape'>\n\t\t\t\t<a href='http:\/\/akademia-przedszkolaka.net.pl\/nowy-sacz\/2020\/06\/26\/witamy-wakacje\/biedronki1-3\/'><img width=\"150\" height=\"150\" src=\"http:\/\/akademia-przedszkolaka.net.pl\/nowy-sacz\/wp-content\/uploads\/sites\/3\/2020\/06\/biedronki1-150x150.jpg\" class=\"attachment-thumbnail size-thumbnail\" alt=\"\" decoding=\"async\" loading=\"lazy\" srcset=\"http:\/\/akademia-przedszkolaka.net.pl\/nowy-sacz\/wp-content\/uploads\/sites\/3\/2020\/06\/biedronki1-150x150.jpg 150w, http:\/\/akademia-przedszkolaka.net.pl\/nowy-sacz\/wp-content\/uploads\/sites\/3\/2020\/06\/biedronki1-300x300.jpg 300w, http:\/\/akademia-przedszkolaka.net.pl\/nowy-sacz\/wp-content\/uploads\/sites\/3\/2020\/06\/biedronki1-1024x1024.jpg 1024w, http:\/\/akademia-przedszkolaka.net.pl\/nowy-sacz\/wp-content\/uploads\/sites\/3\/2020\/06\/biedronki1-768x768.jpg 768w, http:\/\/akademia-przedszkolaka.net.pl\/nowy-sacz\/wp-content\/uploads\/sites\/3\/2020\/06\/biedronki1.jpg 1200w\" sizes=\"(max-width: 150px) 100vw, 150px\" \/><\/a>\n\t\t\t<\/div><\/figure><figure class='gallery-item'>\n\t\t\t<div class='gallery-icon landscape'>\n\t\t\t\t<a href='http:\/\/akademia-przedszkolaka.net.pl\/nowy-sacz\/2020\/06\/26\/witamy-wakacje\/biedronki2-2\/'><img width=\"150\" height=\"150\" src=\"http:\/\/akademia-przedszkolaka.net.pl\/nowy-sacz\/wp-content\/uploads\/sites\/3\/2020\/06\/biedronki2-150x150.jpg\" class=\"attachment-thumbnail size-thumbnail\" alt=\"\" decoding=\"async\" loading=\"lazy\" srcset=\"http:\/\/akademia-przedszkolaka.net.pl\/nowy-sacz\/wp-content\/uploads\/sites\/3\/2020\/06\/biedronki2-150x150.jpg 150w, http:\/\/akademia-przedszkolaka.net.pl\/nowy-sacz\/wp-content\/uploads\/sites\/3\/2020\/06\/biedronki2-300x300.jpg 300w, http:\/\/akademia-przedszkolaka.net.pl\/nowy-sacz\/wp-content\/uploads\/sites\/3\/2020\/06\/biedronki2-1024x1024.jpg 1024w, http:\/\/akademia-przedszkolaka.net.pl\/nowy-sacz\/wp-content\/uploads\/sites\/3\/2020\/06\/biedronki2-768x768.jpg 768w, http:\/\/akademia-przedszkolaka.net.pl\/nowy-sacz\/wp-content\/uploads\/sites\/3\/2020\/06\/biedronki2.jpg 1200w\" sizes=\"(max-width: 150px) 100vw, 150px\" \/><\/a>\n\t\t\t<\/div><\/figure><figure class='gallery-item'>\n\t\t\t<div class='gallery-icon landscape'>\n\t\t\t\t<a href='http:\/\/akademia-przedszkolaka.net.pl\/nowy-sacz\/2020\/06\/26\/witamy-wakacje\/pszczolki-4\/'><img width=\"150\" height=\"150\" src=\"http:\/\/akademia-przedszkolaka.net.pl\/nowy-sacz\/wp-content\/uploads\/sites\/3\/2020\/06\/pszcz\u00f3\u0142ki-150x150.jpg\" class=\"attachment-thumbnail size-thumbnail\" alt=\"\" decoding=\"async\" loading=\"lazy\" srcset=\"http:\/\/akademia-przedszkolaka.net.pl\/nowy-sacz\/wp-content\/uploads\/sites\/3\/2020\/06\/pszcz\u00f3\u0142ki-150x150.jpg 150w, http:\/\/akademia-przedszkolaka.net.pl\/nowy-sacz\/wp-content\/uploads\/sites\/3\/2020\/06\/pszcz\u00f3\u0142ki-300x300.jpg 300w\" sizes=\"(max-width: 150px) 100vw, 150px\" \/><\/a>\n\t\t\t<\/div><\/figure><figure class='gallery-item'>\n\t\t\t<div class='gallery-icon landscape'>\n\t\t\t\t<a href='http:\/\/akademia-przedszkolaka.net.pl\/nowy-sacz\/2020\/06\/26\/witamy-wakacje\/pszczolki1-2\/'><img width=\"150\" height=\"150\" src=\"http:\/\/akademia-przedszkolaka.net.pl\/nowy-sacz\/wp-content\/uploads\/sites\/3\/2020\/06\/pszcz\u00f3\u0142ki1-150x150.jpg\" class=\"attachment-thumbnail size-thumbnail\" alt=\"\" decoding=\"async\" loading=\"lazy\" srcset=\"http:\/\/akademia-przedszkolaka.net.pl\/nowy-sacz\/wp-content\/uploads\/sites\/3\/2020\/06\/pszcz\u00f3\u0142ki1-150x150.jpg 150w, http:\/\/akademia-przedszkolaka.net.pl\/nowy-sacz\/wp-content\/uploads\/sites\/3\/2020\/06\/pszcz\u00f3\u0142ki1-300x300.jpg 300w, http:\/\/akademia-przedszkolaka.net.pl\/nowy-sacz\/wp-content\/uploads\/sites\/3\/2020\/06\/pszcz\u00f3\u0142ki1-1024x1024.jpg 1024w, http:\/\/akademia-przedszkolaka.net.pl\/nowy-sacz\/wp-content\/uploads\/sites\/3\/2020\/06\/pszcz\u00f3\u0142ki1-768x768.jpg 768w, http:\/\/akademia-przedszkolaka.net.pl\/nowy-sacz\/wp-content\/uploads\/sites\/3\/2020\/06\/pszcz\u00f3\u0142ki1.jpg 1200w\" sizes=\"(max-width: 150px) 100vw, 150px\" \/><\/a>\n\t\t\t<\/div><\/figure><figure class='gallery-item'>\n\t\t\t<div class='gallery-icon portrait'>\n\t\t\t\t<a href='http:\/\/akademia-przedszkolaka.net.pl\/nowy-sacz\/2020\/06\/26\/witamy-wakacje\/absolwent\/'><img width=\"150\" height=\"150\" src=\"http:\/\/akademia-przedszkolaka.net.pl\/nowy-sacz\/wp-content\/uploads\/sites\/3\/2020\/06\/absolwent-150x150.jpg\" class=\"attachment-thumbnail size-thumbnail\" alt=\"\" decoding=\"async\" loading=\"lazy\" srcset=\"http:\/\/akademia-przedszkolaka.net.pl\/nowy-sacz\/wp-content\/uploads\/sites\/3\/2020\/06\/absolwent-150x150.jpg 150w, http:\/\/akademia-przedszkolaka.net.pl\/nowy-sacz\/wp-content\/uploads\/sites\/3\/2020\/06\/absolwent-300x300.jpg 300w\" sizes=\"(max-width: 150px) 100vw, 150px\" \/><\/a>\n\t\t\t<\/div><\/figure>\n\t\t<\/div>\n\n<p>&nbsp;<\/p>\n<p style=\"text-align: center\">P.S.<br \/>\nPrzypominamy, i\u017c w okresie wakacji (tj. 29.06 &#8211; 14.08) mamy otwarte przedszkole,<br \/>\njednak pracujemy w mniejszej ilo\u015bci grup. Je\u015bli chc\u0105 Pa\u0144stwo, by dziecko ucz\u0119szcza\u0142o do przedszkola w okresie wakacji<br \/>\nprosimy o wcze\u015bniejszy kontakt z kancelari\u0105 Akademii Przedszkolaka.<\/p>\n","protected":false},"excerpt":{"rendered":"<p>Drodzy Rodzice! Zapraszamy serdecznie do obejrzenia uroczysto\u015bci zako\u0144czenia roku szkolnego! &nbsp; &nbsp; \u017byczymy wspania\u0142ych wakacji! &nbsp; P.S. Przypominamy, i\u017c w okresie wakacji (tj. 29.06 &#8211; 14.08) mamy otwarte przedszkole, jednak pracujemy w mniejszej ilo\u015bci grup. Je\u015bli chc\u0105 Pa\u0144stwo, by dziecko ucz\u0119szcza\u0142o do przedszkola w okresie wakacji prosimy o wcze\u015bniejszy kontakt z kancelari\u0105 Akademii Przedszkolaka.<\/p>\n","protected":false},"author":2,"featured_media":1539,"comment_status":"closed","ping_status":"closed","sticky":false,"template":"","format":"standard","meta":[],"categories":[1],"tags":[],"_links":{"self":[{"href":"http:\/\/akademia-przedszkolaka.net.pl\/nowy-sacz\/wp-json\/wp\/v2\/posts\/1512"}],"collection":[{"href":"http:\/\/akademia-przedszkolaka.net.pl\/nowy-sacz\/wp-json\/wp\/v2\/posts"}],"about":[{"href":"http:\/\/akademia-przedszkolaka.net.pl\/nowy-sacz\/wp-json\/wp\/v2\/types\/post"}],"author":[{"embeddable":true,"href":"http:\/\/akademia-przedszkolaka.net.pl\/nowy-sacz\/wp-json\/wp\/v2\/users\/2"}],"replies":[{"embeddable":true,"href":"http:\/\/akademia-przedszkolaka.net.pl\/nowy-sacz\/wp-json\/wp\/v2\/comments?post=1512"}],"version-history":[{"count":1,"href":"http:\/\/akademia-przedszkolaka.net.pl\/nowy-sacz\/wp-json\/wp\/v2\/posts\/1512\/revisions"}],"predecessor-version":[{"id":1536,"href":"http:\/\/akademia-przedszkolaka.net.pl\/nowy-sacz\/wp-json\/wp\/v2\/posts\/1512\/revisions\/1536"}],"wp:featuredmedia":[{"embeddable":true,"href":"http:\/\/akademia-przedszkolaka.net.pl\/nowy-sacz\/wp-json\/wp\/v2\/media\/1539"}],"wp:attachment":[{"href":"http:\/\/akademia-przedszkolaka.net.pl\/nowy-sacz\/wp-json\/wp\/v2\/media?parent=1512"}],"wp:term":[{"taxonomy":"category","embeddable":true,"href":"http:\/\/akademia-przedszkolaka.net.pl\/nowy-sacz\/wp-json\/wp\/v2\/categories?post=1512"},{"taxonomy":"post_tag","embeddable":true,"href":"http:\/\/akademia-przedszkolaka.net.pl\/nowy-sacz\/wp-json\/wp\/v2\/tags?post=1512"}],"curies":[{"name":"wp","href":"https:\/\/api.w.org\/{rel}","templated":true}]}}