{"id":1310,"date":"2020-05-07T09:39:43","date_gmt":"2020-05-07T07:39:43","guid":{"rendered":"http:\/\/akademia-przedszkolaka.net.pl\/nowy-sacz\/?p=1310"},"modified":"2020-05-07T09:41:06","modified_gmt":"2020-05-07T07:41:06","slug":"%e2%9d%97%e2%9d%97-wazne-%e2%9d%97%e2%9d%97","status":"publish","type":"post","link":"http:\/\/akademia-przedszkolaka.net.pl\/nowy-sacz\/2020\/05\/07\/%e2%9d%97%e2%9d%97-wazne-%e2%9d%97%e2%9d%97\/","title":{"rendered":"\u2757\u2757\u00a0WA\u017bNE\u00a0\u2757\u2757"},"content":{"rendered":"<p>Drodzy Rodzice!<\/p>\n<p>Informujemy, \u017ce 11.05.2020 zaczynamy zaj\u0119cia. Prosimy o zapoznanie si\u0119 z procedurami oraz wype\u0142nienie o\u015bwiadczenia znajduj\u0105cego si\u0119 w materia\u0142ach, z kt\u00f3rych dotychczas korzystali\u015bcie online.<br \/>\nO\u015bwiadczenie jest obowi\u0105zkowe w dniu przyj\u015bcia do przedszkola!<\/p>\n<p>&nbsp;<\/p>\n<p>&nbsp;<\/p>\n<p>&nbsp;<\/p>\n<p>&nbsp;<\/p>\n<p style=\"text-align: center\">PROCEDURY DOTYCZ\u0104CE PRZYJMOWANIA DZIECI<br \/>\ndo Akademii Przedszkolaka<br \/>\nW CZASIE TRWANIA STANU EPIDEMICZNEGO.<\/p>\n<p>W okresie stanu epidemicznego w Akademii Przedszkolaka w przedszkolu i grupie \u017c\u0142obkowej obowi\u0105zuj\u0105 zaostrzone wymagania dotycz\u0105ce bezpiecze\u0144stwa i higieny pracy, dotycz\u0105ce pracownik\u00f3w, dzieci i os\u00f3b je przyprowadzaj\u0105cych.<\/p>\n<p>Zaostrzone warunki obowi\u0105zuj\u0105 do odwo\u0142ania.<\/p>\n<p>&amp;1 Zachowania obowi\u0105zuj\u0105ce w sytuacjach, gdy nie wyst\u0119puj\u0105 objawy chorobowe:<br \/>\n1. Przed zg\u0142oszeniem dziecka do zaj\u0119\u0107 od dnia 11 maja 2020r Rodzic \/ prawny opiekun ma obowi\u0105zek wype\u0142nienia o\u015bwiadczenia o stanie zdrowia swoim i pozosta\u0142ych cz\u0142onk\u00f3w rodziny oraz dostarczenia go najp\u00f3\u017aniej w dniu przyj\u015bcia dziecka.<br \/>\n2. Przedszkole i grupa \u017c\u0142obkowa funkcjonuj\u0105 od poniedzia\u0142ku do pi\u0105tku w skr\u00f3conych godzinach, tj. 6.30 do 16.30.<br \/>\n3. Rodzice zapewniaj\u0105 swojemu dziecku maseczk\u0119, os\u0142aniaj\u0105c\u0105 usta i nos w drodze do i z przedszkola (pkt nie dotyczy dzieci do lat 4!). Na terenie przedszkola i podczas pobytu w nim dziecko nie ma obowi\u0105zku noszenia maseczki.<br \/>\n4. Na teren plac\u00f3wki z dzieckiem \/ po dziecko wchodzi tylko jedna osoba doros\u0142a, zaopatrzona w r\u0119kawiczki i maseczk\u0119 os\u0142aniaj\u0105c\u0105 usta i nos.<br \/>\n5. W szatni przedszkola mo\u017ce przebywa\u0107 jednocze\u015bnie max 3 osoby doros\u0142e z dzie\u0107mi.<br \/>\n6. Przy drzwiach wej\u015bciowych znajduje si\u0119 dozownik z p\u0142ynem dezynfekcyjnym. Wchodz\u0105c do plac\u00f3wki rodzic jest zobowi\u0105zany zdezynfekowa\u0107 r\u0119ce lub r\u0119kawiczki.<br \/>\n7. Do plac\u00f3wki przyjmowane b\u0119d\u0105 dzieci zdrowe, bez objaw\u00f3w infekcji, po dokonaniu pomiaru temperatury cia\u0142a za pomoc\u0105 urz\u0105dzenia elektronicznego znajduj\u0105cego si\u0119 w przedszkolu. Je\u017celi pomiar wyka\u017ce temperatur\u0119 powy\u017cej 37*C, dziecko nie zostanie przyj\u0119te do \u017c\u0142obka \/ przedszkola. Nie dopuszcza si\u0119 mo\u017cliwo\u015bci pomiaru temperatury urz\u0105dzeniem przyniesionym z domu.<br \/>\n8. Pomiar temperatury cia\u0142a prowadzony jest przynajmniej dwukrotnie w ci\u0105gu dnia, za pomoc\u0105 urz\u0105dzenia elektronicznego. Ka\u017cde wskazanie wy\u017cszej temperatury (powy\u017cej 37*C) spowoduje odizolowanie dziecka do izolatki pod opiek\u0105 oddelegowanego pracownika.<br \/>\n9. Przyprowadzaj\u0105c dziecko do Akademii Rodzic zobowi\u0105zany jest poda\u0107 aktualne informacje:<br \/>\n\u2022 czy w ci\u0105gu ostatnich 24 godzin wyst\u0105pi\u0142 kaszel, katar, podwy\u017cszona temperatura lub inne objawy chorobowe?<br \/>\n\u2022 czy w ci\u0105gu ostatnich 24 godzin kt\u00f3ry\u015b z domownik\u00f3w nie zosta\u0142 obj\u0119ty obowi\u0105zkow\u0105 kwarantann\u0105?<br \/>\n\u2022 czy w ci\u0105gu ostatnich 24 godzin dziecko lub inni cz\u0142onkowie Rodziny mieli kontakt z osob\u0105 podejrzan\u0105 zaka\u017ceniem koronawirusem lub przebywaj\u0105cej na przymusowej kwarantannie?<br \/>\nJe\u017celi kt\u00f3re\u015b z objaw\u00f3w \/ zdarze\u0144 mia\u0142y miejsce, nale\u017cy odm\u00f3wi\u0107 przyj\u0119cia dziecka do przedszkola \/ grupy \u017c\u0142obkowej.<br \/>\n10. Do przedszkola \/ grupy \u017c\u0142obkowej zabrania si\u0119 przynoszenia zabawek z domu. Rodzic jest zobowi\u0105zany do sprawdzenia zawarto\u015bci kieszonek dziecka przed wej\u015bciem do szatni, opr\u00f3\u017cnienia ich i nie pozostawiania w szafce ubraniowej w szatni. Wyj\u0105tek stanowi \u201eprzytulanka\u201d do spania lub smoczek w szczelnym, plastikowym opakowaniu, kt\u00f3re Rodzic zostawi w szafce ubraniowej dziecka, o czym poinformuje pracownika w grupie.<br \/>\n11. R\u0119czniki indywidualne dzieci zostan\u0105 zast\u0105pione w miar\u0119 mo\u017cliwo\u015bci r\u0119cznikami papierowymi, jednorazowego u\u017cytku.<br \/>\n12. Po\u015bciel dziecka b\u0119dzie podlega\u0142a obowi\u0105zkowego praniu 1 raz w tygodniu.<br \/>\n13. W czasie epidemicznym dzieci w przedszkolu nie b\u0119d\u0105:<br \/>\n\u2022 wychodzi\u0142y na spacery po okolicy, a jedynie uczestniczy\u0142y w obowi\u0105zkowym pobycie na placu zabaw. W tym czasie sale poddawane b\u0119d\u0105 dezynfekcji i ozonowaniu.<br \/>\n\u2022 my\u0142y z\u0119b\u00f3w po posi\u0142ku<br \/>\n\u2022 korzysta\u0142y ze swoich r\u0119cznik\u00f3w na rzecz korzystania<br \/>\nz r\u0119cznik\u00f3w jednorazowych<br \/>\n\u2022 korzysta\u0142y z zaj\u0119\u0107 edukacyjnych w mniejszym stopniu (nie wszystkie zaj\u0119cia dodatkowe b\u0119d\u0105 prowadzone do odwo\u0142ania)<\/p>\n<p>&amp;2 Zachowania obowi\u0105zuj\u0105ce w sytuacji podejrzenia wyst\u0105pienia objaw\u00f3w chorobowych u dziecka<br \/>\n1. Je\u017celi w czasie pobytu w plac\u00f3wce u dziecka pojawi\u0105 si\u0119 duszno\u015bci, suchy kaszel b\u0105d\u017a temperatura powy\u017cej 37*C lub inne objawy chorobowe:<br \/>\n\u2022 dziecko zostanie odizolowane do wyznaczonego pomieszczenia i b\u0119dzie tam przebywa\u0142o pod opiek\u0105 pracownika zaopatrzonego w \u015brodki ochrony osobistej do czasu odebrania przez Rodzica \/ prawnego opiekuna;<br \/>\n\u2022 Rodzic zostanie powiadomiony telefonicznie oraz zobowi\u0105zany b\u0119dzie do odebrania dziecka z izolatki najp\u00f3\u017aniej do godziny po zg\u0142oszeniu faktu.<br \/>\n2. Pomieszczenie izolatki po opuszczeniu go przez dziecko zostanie poddane obowi\u0105zkowej dezynfekcji i ozonowaniu.<br \/>\n3. Dziecko podejrzane o zaka\u017cenie koronawirusem lub z innymi objawami chorobowymi, odes\u0142ane do domu mo\u017ce ponownie zosta\u0107 przyj\u0119te do grupy tylko pod warunkiem dostarczenia przez rodzica za\u015bwiadczenia o stanie zdrowia, pozwalaj\u0105cym na uczestniczenie w zaj\u0119ciach grupy.<\/p>\n","protected":false},"excerpt":{"rendered":"<p>Drodzy Rodzice! Informujemy, \u017ce 11.05.2020 zaczynamy zaj\u0119cia. Prosimy o zapoznanie si\u0119 z procedurami oraz wype\u0142nienie o\u015bwiadczenia znajduj\u0105cego si\u0119 w materia\u0142ach, z kt\u00f3rych dotychczas korzystali\u015bcie online. O\u015bwiadczenie jest obowi\u0105zkowe w dniu przyj\u015bcia do przedszkola! &nbsp; &nbsp; &nbsp; &nbsp; PROCEDURY DOTYCZ\u0104CE PRZYJMOWANIA DZIECI do Akademii Przedszkolaka W CZASIE TRWANIA STANU EPIDEMICZNEGO. W okresie stanu epidemicznego w Akademii&#8230;<\/p>\n","protected":false},"author":2,"featured_media":937,"comment_status":"closed","ping_status":"closed","sticky":false,"template":"","format":"standard","meta":[],"categories":[1],"tags":[],"_links":{"self":[{"href":"http:\/\/akademia-przedszkolaka.net.pl\/nowy-sacz\/wp-json\/wp\/v2\/posts\/1310"}],"collection":[{"href":"http:\/\/akademia-przedszkolaka.net.pl\/nowy-sacz\/wp-json\/wp\/v2\/posts"}],"about":[{"href":"http:\/\/akademia-przedszkolaka.net.pl\/nowy-sacz\/wp-json\/wp\/v2\/types\/post"}],"author":[{"embeddable":true,"href":"http:\/\/akademia-przedszkolaka.net.pl\/nowy-sacz\/wp-json\/wp\/v2\/users\/2"}],"replies":[{"embeddable":true,"href":"http:\/\/akademia-przedszkolaka.net.pl\/nowy-sacz\/wp-json\/wp\/v2\/comments?post=1310"}],"version-history":[{"count":1,"href":"http:\/\/akademia-przedszkolaka.net.pl\/nowy-sacz\/wp-json\/wp\/v2\/posts\/1310\/revisions"}],"predecessor-version":[{"id":1311,"href":"http:\/\/akademia-przedszkolaka.net.pl\/nowy-sacz\/wp-json\/wp\/v2\/posts\/1310\/revisions\/1311"}],"wp:featuredmedia":[{"embeddable":true,"href":"http:\/\/akademia-przedszkolaka.net.pl\/nowy-sacz\/wp-json\/wp\/v2\/media\/937"}],"wp:attachment":[{"href":"http:\/\/akademia-przedszkolaka.net.pl\/nowy-sacz\/wp-json\/wp\/v2\/media?parent=1310"}],"wp:term":[{"taxonomy":"category","embeddable":true,"href":"http:\/\/akademia-przedszkolaka.net.pl\/nowy-sacz\/wp-json\/wp\/v2\/categories?post=1310"},{"taxonomy":"post_tag","embeddable":true,"href":"http:\/\/akademia-przedszkolaka.net.pl\/nowy-sacz\/wp-json\/wp\/v2\/tags?post=1310"}],"curies":[{"name":"wp","href":"https:\/\/api.w.org\/{rel}","templated":true}]}}