{"id":1589,"date":"2020-09-30T12:53:15","date_gmt":"2020-09-30T10:53:15","guid":{"rendered":"http:\/\/akademia-przedszkolaka.net.pl\/grybow\/?p=1589"},"modified":"2021-04-09T14:29:12","modified_gmt":"2021-04-09T12:29:12","slug":"dzien-chlopaka-w-grupie-pszczolek","status":"publish","type":"post","link":"http:\/\/akademia-przedszkolaka.net.pl\/grybow\/2020\/09\/30\/dzien-chlopaka-w-grupie-pszczolek\/","title":{"rendered":"Dzie\u0144 Ch\u0142opaka w grupie Pszcz\u00f3\u0142ek"},"content":{"rendered":"<p style=\"text-align: center\">30 wrze\u015bnia najstarsze Pszcz\u00f3\u0142ki \u015bwi\u0119towa\u0142y DZIE\u0143 CH\u0141OPAKA . Tego dnia dla ch\u0142opc\u00f3w przygotowali\u015bmy ta\u0144ce i zabawy oraz dziewczynki wr\u0119czy\u0142y ch\u0142opcom medale . Wszystkiego najlepszego dla wszystkich ch\u0142opc\u00f3w!<\/p>\n<p>&nbsp;<\/p>\n<p><a href=\"http:\/\/akademia-przedszkolaka.net.pl\/grybow\/2021\/04\/09\/dzien-chlopaka-w-grupie-pszczolek\/120425573_1668255960004749_1447040461238435059_n\/\" rel=\"attachment wp-att-1590\"><img decoding=\"async\" loading=\"lazy\" class=\"aligncenter size-medium wp-image-1590\" src=\"http:\/\/akademia-przedszkolaka.net.pl\/grybow\/wp-content\/uploads\/sites\/2\/2021\/04\/120425573_1668255960004749_1447040461238435059_n-225x300.jpg\" alt=\"\" width=\"225\" height=\"300\" srcset=\"http:\/\/akademia-przedszkolaka.net.pl\/grybow\/wp-content\/uploads\/sites\/2\/2021\/04\/120425573_1668255960004749_1447040461238435059_n-225x300.jpg 225w, http:\/\/akademia-przedszkolaka.net.pl\/grybow\/wp-content\/uploads\/sites\/2\/2021\/04\/120425573_1668255960004749_1447040461238435059_n-768x1024.jpg 768w, http:\/\/akademia-przedszkolaka.net.pl\/grybow\/wp-content\/uploads\/sites\/2\/2021\/04\/120425573_1668255960004749_1447040461238435059_n-1152x1536.jpg 1152w, http:\/\/akademia-przedszkolaka.net.pl\/grybow\/wp-content\/uploads\/sites\/2\/2021\/04\/120425573_1668255960004749_1447040461238435059_n.jpg 1536w\" sizes=\"(max-width: 225px) 100vw, 225px\" \/><\/a> <a href=\"http:\/\/akademia-przedszkolaka.net.pl\/grybow\/2021\/04\/09\/dzien-chlopaka-w-grupie-pszczolek\/120477816_1668256016671410_7788365493287786361_n\/\" rel=\"attachment wp-att-1591\"><img decoding=\"async\" loading=\"lazy\" class=\"aligncenter size-medium wp-image-1591\" src=\"http:\/\/akademia-przedszkolaka.net.pl\/grybow\/wp-content\/uploads\/sites\/2\/2021\/04\/120477816_1668256016671410_7788365493287786361_n-300x300.jpg\" alt=\"\" width=\"300\" height=\"300\" srcset=\"http:\/\/akademia-przedszkolaka.net.pl\/grybow\/wp-content\/uploads\/sites\/2\/2021\/04\/120477816_1668256016671410_7788365493287786361_n-300x300.jpg 300w, http:\/\/akademia-przedszkolaka.net.pl\/grybow\/wp-content\/uploads\/sites\/2\/2021\/04\/120477816_1668256016671410_7788365493287786361_n-1024x1024.jpg 1024w, http:\/\/akademia-przedszkolaka.net.pl\/grybow\/wp-content\/uploads\/sites\/2\/2021\/04\/120477816_1668256016671410_7788365493287786361_n-150x150.jpg 150w, http:\/\/akademia-przedszkolaka.net.pl\/grybow\/wp-content\/uploads\/sites\/2\/2021\/04\/120477816_1668256016671410_7788365493287786361_n-768x768.jpg 768w, http:\/\/akademia-przedszkolaka.net.pl\/grybow\/wp-content\/uploads\/sites\/2\/2021\/04\/120477816_1668256016671410_7788365493287786361_n-1536x1536.jpg 1536w, http:\/\/akademia-przedszkolaka.net.pl\/grybow\/wp-content\/uploads\/sites\/2\/2021\/04\/120477816_1668256016671410_7788365493287786361_n.jpg 2048w\" sizes=\"(max-width: 300px) 100vw, 300px\" \/><\/a><\/p>\n","protected":false},"excerpt":{"rendered":"<p>30 wrze\u015bnia najstarsze Pszcz\u00f3\u0142ki \u015bwi\u0119towa\u0142y DZIE\u0143 CH\u0141OPAKA . Tego dnia dla ch\u0142opc\u00f3w przygotowali\u015bmy ta\u0144ce i zabawy oraz dziewczynki wr\u0119czy\u0142y ch\u0142opcom medale . Wszystkiego najlepszego dla wszystkich ch\u0142opc\u00f3w! &nbsp;<\/p>\n","protected":false},"author":7,"featured_media":1590,"comment_status":"closed","ping_status":"closed","sticky":false,"template":"","format":"standard","meta":[],"categories":[1],"tags":[],"_links":{"self":[{"href":"http:\/\/akademia-przedszkolaka.net.pl\/grybow\/wp-json\/wp\/v2\/posts\/1589"}],"collection":[{"href":"http:\/\/akademia-przedszkolaka.net.pl\/grybow\/wp-json\/wp\/v2\/posts"}],"about":[{"href":"http:\/\/akademia-przedszkolaka.net.pl\/grybow\/wp-json\/wp\/v2\/types\/post"}],"author":[{"embeddable":true,"href":"http:\/\/akademia-przedszkolaka.net.pl\/grybow\/wp-json\/wp\/v2\/users\/7"}],"replies":[{"embeddable":true,"href":"http:\/\/akademia-przedszkolaka.net.pl\/grybow\/wp-json\/wp\/v2\/comments?post=1589"}],"version-history":[{"count":2,"href":"http:\/\/akademia-przedszkolaka.net.pl\/grybow\/wp-json\/wp\/v2\/posts\/1589\/revisions"}],"predecessor-version":[{"id":1593,"href":"http:\/\/akademia-przedszkolaka.net.pl\/grybow\/wp-json\/wp\/v2\/posts\/1589\/revisions\/1593"}],"wp:featuredmedia":[{"embeddable":true,"href":"http:\/\/akademia-przedszkolaka.net.pl\/grybow\/wp-json\/wp\/v2\/media\/1590"}],"wp:attachment":[{"href":"http:\/\/akademia-przedszkolaka.net.pl\/grybow\/wp-json\/wp\/v2\/media?parent=1589"}],"wp:term":[{"taxonomy":"category","embeddable":true,"href":"http:\/\/akademia-przedszkolaka.net.pl\/grybow\/wp-json\/wp\/v2\/categories?post=1589"},{"taxonomy":"post_tag","embeddable":true,"href":"http:\/\/akademia-przedszkolaka.net.pl\/grybow\/wp-json\/wp\/v2\/tags?post=1589"}],"curies":[{"name":"wp","href":"https:\/\/api.w.org\/{rel}","templated":true}]}}